{"id":2945,"date":"2014-12-14T18:45:47","date_gmt":"2014-12-14T17:45:47","guid":{"rendered":"https:\/\/www.andalusien-urlaub.eu\/blog\/?p=2945"},"modified":"2014-12-16T16:16:23","modified_gmt":"2014-12-16T15:16:23","slug":"zu-fuss-von-nerja-bis-manilva","status":"publish","type":"post","link":"https:\/\/www.andalusien-urlaub.eu\/blog\/malaga-3\/malaga-stadt\/zu-fuss-von-nerja-bis-manilva\/","title":{"rendered":"Zu Fu\u00df von Nerja bis Manilva"},"content":{"rendered":"<p>Als Blogger steht man immer etwas unter dem (selbstauferlegten) Druck, einen neuen Artikel zu verfassen. Nur, \u00fcber was k\u00f6nnte ich an einem verregneten Sonntag wie heute berichten. Bei dem Regenwetter kommt eine Wanderung in den Bergen nicht in Frage. Aber eigentlich genau das richtige Wetter f\u00fcr mich, um am Strand spazieren zu gehen (ihr findet mich eher in den Wintermonaten als im Sommer am Strand). Und bei der Gelegenheit k\u00f6nnte ich schauen, wie weit der Bau des K\u00fcstenwanderweges voran geschritten ist. Also Kamera und Regenschirm eingepackt, ab ins Auto und runter zur K\u00fcste. Genauer gesagt, nach <b>Cala de Mijas<\/b>, denn ich habe gelesen, dass dort schon ein Teilst\u00fcck des\/der Senda Litoral fertig gestellt sein soll.<\/p>\n<p><img data-recalc-dims=\"1\" loading=\"lazy\" decoding=\"async\" data-attachment-id=\"2939\" data-permalink=\"https:\/\/www.andalusien-urlaub.eu\/blog\/malaga-3\/malaga-stadt\/zu-fuss-von-nerja-bis-manilva\/attachment\/dscn4075\/\" data-orig-file=\"https:\/\/i0.wp.com\/www.andalusien-urlaub.eu\/blog\/wp-content\/uploads\/DSCN4075.jpg?fit=500%2C375&amp;ssl=1\" data-orig-size=\"500,375\" data-comments-opened=\"1\" data-image-meta=\"{&quot;aperture&quot;:&quot;0&quot;,&quot;credit&quot;:&quot;&quot;,&quot;camera&quot;:&quot;&quot;,&quot;caption&quot;:&quot;&quot;,&quot;created_timestamp&quot;:&quot;0&quot;,&quot;copyright&quot;:&quot;&quot;,&quot;focal_length&quot;:&quot;0&quot;,&quot;iso&quot;:&quot;0&quot;,&quot;shutter_speed&quot;:&quot;0&quot;,&quot;title&quot;:&quot;&quot;,&quot;orientation&quot;:&quot;0&quot;}\" data-image-title=\"DSCN4075\" data-image-description=\"\" data-image-caption=\"\" data-medium-file=\"https:\/\/i0.wp.com\/www.andalusien-urlaub.eu\/blog\/wp-content\/uploads\/DSCN4075.jpg?fit=346%2C260&amp;ssl=1\" data-large-file=\"https:\/\/i0.wp.com\/www.andalusien-urlaub.eu\/blog\/wp-content\/uploads\/DSCN4075.jpg?fit=500%2C375&amp;ssl=1\" class=\"aligncenter size-full wp-image-2939\" src=\"https:\/\/i0.wp.com\/www.andalusien-urlaub.eu\/blog\/wp-content\/uploads\/DSCN4075.jpg?resize=500%2C375&#038;ssl=1\" alt=\"Senda Litoral La Cala de Mijas\" width=\"500\" height=\"375\" srcset=\"https:\/\/i0.wp.com\/www.andalusien-urlaub.eu\/blog\/wp-content\/uploads\/DSCN4075.jpg?w=500&amp;ssl=1 500w, https:\/\/i0.wp.com\/www.andalusien-urlaub.eu\/blog\/wp-content\/uploads\/DSCN4075.jpg?resize=100%2C75&amp;ssl=1 100w, https:\/\/i0.wp.com\/www.andalusien-urlaub.eu\/blog\/wp-content\/uploads\/DSCN4075.jpg?resize=346%2C260&amp;ssl=1 346w, https:\/\/i0.wp.com\/www.andalusien-urlaub.eu\/blog\/wp-content\/uploads\/DSCN4075.jpg?resize=300%2C225&amp;ssl=1 300w, https:\/\/i0.wp.com\/www.andalusien-urlaub.eu\/blog\/wp-content\/uploads\/DSCN4075.jpg?resize=80%2C60&amp;ssl=1 80w\" sizes=\"auto, (max-width: 500px) 100vw, 500px\" \/><\/p>\n<h2>La Senda Litoral (K\u00fcstenwanderweg) von Nerja bis Manilva<\/h2>\n<p>Der geplante K\u00fcstenwanderweg <b>Senda Litoral<\/b> soll die 184 Kilometer der K\u00fcste von <b>Nerja bis Manilva<\/b> vereinen. Eine 184 Kilometer lange Strandpromenade! In Zukunft k\u00f6nnt Ihr also zu Fu\u00df oder mit dem Fahrrad die gesamte <b>Costa del Sol<\/b> direkt am Strand entlang laufen oder radeln. Einen kurzen Abschnitt davon habe ich heute absolviert.<\/p>\n<p><img data-recalc-dims=\"1\" loading=\"lazy\" decoding=\"async\" data-attachment-id=\"2944\" data-permalink=\"https:\/\/www.andalusien-urlaub.eu\/blog\/malaga-3\/malaga-stadt\/zu-fuss-von-nerja-bis-manilva\/attachment\/dscn4091\/\" data-orig-file=\"https:\/\/i0.wp.com\/www.andalusien-urlaub.eu\/blog\/wp-content\/uploads\/DSCN4091.jpg?fit=500%2C375&amp;ssl=1\" data-orig-size=\"500,375\" data-comments-opened=\"1\" data-image-meta=\"{&quot;aperture&quot;:&quot;0&quot;,&quot;credit&quot;:&quot;&quot;,&quot;camera&quot;:&quot;&quot;,&quot;caption&quot;:&quot;&quot;,&quot;created_timestamp&quot;:&quot;0&quot;,&quot;copyright&quot;:&quot;&quot;,&quot;focal_length&quot;:&quot;0&quot;,&quot;iso&quot;:&quot;0&quot;,&quot;shutter_speed&quot;:&quot;0&quot;,&quot;title&quot;:&quot;&quot;,&quot;orientation&quot;:&quot;0&quot;}\" data-image-title=\"K\u00fcstenwanderung\" data-image-description=\"\" data-image-caption=\"\" data-medium-file=\"https:\/\/i0.wp.com\/www.andalusien-urlaub.eu\/blog\/wp-content\/uploads\/DSCN4091.jpg?fit=346%2C260&amp;ssl=1\" data-large-file=\"https:\/\/i0.wp.com\/www.andalusien-urlaub.eu\/blog\/wp-content\/uploads\/DSCN4091.jpg?fit=500%2C375&amp;ssl=1\" class=\"aligncenter size-full wp-image-2944\" src=\"https:\/\/i0.wp.com\/www.andalusien-urlaub.eu\/blog\/wp-content\/uploads\/DSCN4091.jpg?resize=500%2C375&#038;ssl=1\" alt=\"Senda Litoral Nerja Manilva\" width=\"500\" height=\"375\" srcset=\"https:\/\/i0.wp.com\/www.andalusien-urlaub.eu\/blog\/wp-content\/uploads\/DSCN4091.jpg?w=500&amp;ssl=1 500w, https:\/\/i0.wp.com\/www.andalusien-urlaub.eu\/blog\/wp-content\/uploads\/DSCN4091.jpg?resize=100%2C75&amp;ssl=1 100w, https:\/\/i0.wp.com\/www.andalusien-urlaub.eu\/blog\/wp-content\/uploads\/DSCN4091.jpg?resize=346%2C260&amp;ssl=1 346w, https:\/\/i0.wp.com\/www.andalusien-urlaub.eu\/blog\/wp-content\/uploads\/DSCN4091.jpg?resize=300%2C225&amp;ssl=1 300w, https:\/\/i0.wp.com\/www.andalusien-urlaub.eu\/blog\/wp-content\/uploads\/DSCN4091.jpg?resize=80%2C60&amp;ssl=1 80w\" sizes=\"auto, (max-width: 500px) 100vw, 500px\" \/><\/p>\n<h2>Sinn und Unsinn solch eines\u00a0Projektes<\/h2>\n<p>Als ich zum ersten Mal von dem Projekt geh\u00f6rt hatte, dachte ich: Super, so kann ich mal einen l\u00e4ngeren K\u00fcstenabschnitt mit dem Fahrrad erkunden. Eine gute M\u00f6glichkeit, K\u00fcstenregionen und Str\u00e4nde zu entdecken, die einem bislang verborgen geblieben sind.<\/p>\n<p><img data-recalc-dims=\"1\" loading=\"lazy\" decoding=\"async\" data-attachment-id=\"2942\" data-permalink=\"https:\/\/www.andalusien-urlaub.eu\/blog\/malaga-3\/malaga-stadt\/zu-fuss-von-nerja-bis-manilva\/attachment\/dscn4093\/\" data-orig-file=\"https:\/\/i0.wp.com\/www.andalusien-urlaub.eu\/blog\/wp-content\/uploads\/DSCN4093.jpg?fit=500%2C375&amp;ssl=1\" data-orig-size=\"500,375\" data-comments-opened=\"1\" data-image-meta=\"{&quot;aperture&quot;:&quot;0&quot;,&quot;credit&quot;:&quot;&quot;,&quot;camera&quot;:&quot;&quot;,&quot;caption&quot;:&quot;&quot;,&quot;created_timestamp&quot;:&quot;0&quot;,&quot;copyright&quot;:&quot;&quot;,&quot;focal_length&quot;:&quot;0&quot;,&quot;iso&quot;:&quot;0&quot;,&quot;shutter_speed&quot;:&quot;0&quot;,&quot;title&quot;:&quot;&quot;,&quot;orientation&quot;:&quot;0&quot;}\" data-image-title=\"DSCN4093\" data-image-description=\"\" data-image-caption=\"\" data-medium-file=\"https:\/\/i0.wp.com\/www.andalusien-urlaub.eu\/blog\/wp-content\/uploads\/DSCN4093.jpg?fit=346%2C260&amp;ssl=1\" data-large-file=\"https:\/\/i0.wp.com\/www.andalusien-urlaub.eu\/blog\/wp-content\/uploads\/DSCN4093.jpg?fit=500%2C375&amp;ssl=1\" class=\"aligncenter size-full wp-image-2942\" src=\"https:\/\/i0.wp.com\/www.andalusien-urlaub.eu\/blog\/wp-content\/uploads\/DSCN4093.jpg?resize=500%2C375&#038;ssl=1\" alt=\"K\u00fcstenwanderung Nerja Manilva\" width=\"500\" height=\"375\" srcset=\"https:\/\/i0.wp.com\/www.andalusien-urlaub.eu\/blog\/wp-content\/uploads\/DSCN4093.jpg?w=500&amp;ssl=1 500w, https:\/\/i0.wp.com\/www.andalusien-urlaub.eu\/blog\/wp-content\/uploads\/DSCN4093.jpg?resize=100%2C75&amp;ssl=1 100w, https:\/\/i0.wp.com\/www.andalusien-urlaub.eu\/blog\/wp-content\/uploads\/DSCN4093.jpg?resize=346%2C260&amp;ssl=1 346w, https:\/\/i0.wp.com\/www.andalusien-urlaub.eu\/blog\/wp-content\/uploads\/DSCN4093.jpg?resize=300%2C225&amp;ssl=1 300w, https:\/\/i0.wp.com\/www.andalusien-urlaub.eu\/blog\/wp-content\/uploads\/DSCN4093.jpg?resize=80%2C60&amp;ssl=1 80w\" sizes=\"auto, (max-width: 500px) 100vw, 500px\" \/><\/p>\n<p>Aber wie sieht es mit der Vertr\u00e4glichkeit f\u00fcr die Natur bei solchen Projekten aus? Kann man die Natur der Cost del Sol \u00fcberhaupt noch mehr sch\u00e4digen? Um mich mal selbst bei solchen Fragen zu zitieren: Schlimmer geht immer. Es gibt kaum noch unber\u00fchrte\u00a0K\u00fcstenabschnitte, aber es gibt sie noch, sehr vereinzelt. Natursch\u00fctzer beklagen, dass es damit jetzt vorbei ist. Wenigstens bleibt das <a title=\"Spaziergang im M\u00fcndungsgebiet des Guadalhorce\" href=\"https:\/\/www.andalusien-urlaub.eu\/blog\/malaga\/vogelbeobachtung-im-guadalhorce-delta\/\">M\u00fcndungsgebiet des Guadalhorce<\/a>\u00a0bei Malaga verschont. Dort f\u00fchrt eine neue Fu\u00dfg\u00e4ngerbr\u00fccke \u00fcber das Naturschutzgebiet.<\/p>\n<p><img data-recalc-dims=\"1\" loading=\"lazy\" decoding=\"async\" data-attachment-id=\"2941\" data-permalink=\"https:\/\/www.andalusien-urlaub.eu\/blog\/malaga-3\/malaga-stadt\/zu-fuss-von-nerja-bis-manilva\/attachment\/dscn4118\/\" data-orig-file=\"https:\/\/i0.wp.com\/www.andalusien-urlaub.eu\/blog\/wp-content\/uploads\/DSCN4118.jpg?fit=500%2C375&amp;ssl=1\" data-orig-size=\"500,375\" data-comments-opened=\"1\" data-image-meta=\"{&quot;aperture&quot;:&quot;0&quot;,&quot;credit&quot;:&quot;&quot;,&quot;camera&quot;:&quot;&quot;,&quot;caption&quot;:&quot;&quot;,&quot;created_timestamp&quot;:&quot;0&quot;,&quot;copyright&quot;:&quot;&quot;,&quot;focal_length&quot;:&quot;0&quot;,&quot;iso&quot;:&quot;0&quot;,&quot;shutter_speed&quot;:&quot;0&quot;,&quot;title&quot;:&quot;&quot;,&quot;orientation&quot;:&quot;0&quot;}\" data-image-title=\"Senda Litoral La Cala de Mijas\" data-image-description=\"\" data-image-caption=\"\" data-medium-file=\"https:\/\/i0.wp.com\/www.andalusien-urlaub.eu\/blog\/wp-content\/uploads\/DSCN4118.jpg?fit=346%2C260&amp;ssl=1\" data-large-file=\"https:\/\/i0.wp.com\/www.andalusien-urlaub.eu\/blog\/wp-content\/uploads\/DSCN4118.jpg?fit=500%2C375&amp;ssl=1\" class=\"aligncenter size-full wp-image-2941\" src=\"https:\/\/i0.wp.com\/www.andalusien-urlaub.eu\/blog\/wp-content\/uploads\/DSCN4118.jpg?resize=500%2C375&#038;ssl=1\" alt=\"La Cala de Mijas\" width=\"500\" height=\"375\" srcset=\"https:\/\/i0.wp.com\/www.andalusien-urlaub.eu\/blog\/wp-content\/uploads\/DSCN4118.jpg?w=500&amp;ssl=1 500w, https:\/\/i0.wp.com\/www.andalusien-urlaub.eu\/blog\/wp-content\/uploads\/DSCN4118.jpg?resize=100%2C75&amp;ssl=1 100w, https:\/\/i0.wp.com\/www.andalusien-urlaub.eu\/blog\/wp-content\/uploads\/DSCN4118.jpg?resize=346%2C260&amp;ssl=1 346w, https:\/\/i0.wp.com\/www.andalusien-urlaub.eu\/blog\/wp-content\/uploads\/DSCN4118.jpg?resize=300%2C225&amp;ssl=1 300w, https:\/\/i0.wp.com\/www.andalusien-urlaub.eu\/blog\/wp-content\/uploads\/DSCN4118.jpg?resize=80%2C60&amp;ssl=1 80w\" sizes=\"auto, (max-width: 500px) 100vw, 500px\" \/><\/p>\n<h2>Fazit<\/h2>\n<p>Wie alles, hat auch dieses Projekt seine zwei Seiten. Einerseits macht dieser Wanderweg die K\u00fcstenregion touristisch noch interessanter, vor allem in der Nicht-Badezeit. Andererseits ist diese Bauma\u00dfnahme ein\u00a0weiterer Eingriff in die schon genug gesch\u00e4digte Natur. Aber dar\u00fcber zu lamentieren, hat wenig Zweck. Ich jedenfalls habe den heutigen Spaziergang sehr genossen und weitere werden folgen. Und zu guter Letzt bin ich doch noch zu einem neuen Blogbeitrag gekommen. Jetzt mu\u00df ich nur noch die Fotos bearbeiten und ab damit ins Netz.<\/p>\n<p>[otw_shortcode_info_box border_style=&#8220;bordered&#8220; shadow=&#8220;shadow-down-right&#8220;]<\/p>\n<p style=\"text-align: center; font-size: 24px;\">Was haltet Ihr von diesem Projekt?<\/p>\n<p style=\"text-align: center;\">&#8212;&#8212;&#8212;&#8212;&#8212;-<\/p>\n<p style=\"text-align: center; font-size: 18px; line-height: 24px;\">Ich freue mich \u00fcber Eure Kommentare, Fragen, Tipps und Anregungen!<\/p>\n<p>[\/otw_shortcode_info_box]<\/p>\n","protected":false},"excerpt":{"rendered":"<p>Als Blogger steht man immer etwas unter dem (selbstauferlegten) Druck, einen neuen Artikel zu verfassen. Nur, \u00fcber was k\u00f6nnte ich an einem verregneten Sonntag wie heute berichten. Bei dem Regenwetter kommt eine Wanderung in den Bergen nicht in Frage. Aber eigentlich genau das richtige Wetter f\u00fcr mich, um am Strand spazieren zu gehen (ihr findet [&hellip;]<\/p>\n","protected":false},"author":1,"featured_media":2938,"comment_status":"open","ping_status":"closed","sticky":false,"template":"","format":"standard","meta":{"jetpack_post_was_ever_published":false,"_jetpack_newsletter_access":"","_jetpack_dont_email_post_to_subs":false,"_jetpack_newsletter_tier_id":0,"_jetpack_memberships_contains_paywalled_content":false,"_jetpack_memberships_contains_paid_content":false,"footnotes":""},"categories":[21,136,79],"tags":[141,179],"class_list":["post-2945","post","type-post","status-publish","format-standard","has-post-thumbnail","hentry","category-malaga-stadt","category-naturfotografie","category-wandern","tag-senda-litoral","tag-wandern"],"yoast_head":"<!-- This site is optimized with the Yoast SEO plugin v27.0 - https:\/\/yoast.com\/product\/yoast-seo-wordpress\/ -->\n<title>La Senda Litoral: Zu Fu\u00df von Nerja bis Manilva<\/title>\n<meta name=\"description\" content=\"Der K\u00fcstenwander- und Radweg Senda Litoral vereint die 184 Kilometer lange Costa del Sol von Nerja bis Manilva.\" \/>\n<meta name=\"robots\" content=\"index, follow, max-snippet:-1, max-image-preview:large, max-video-preview:-1\" \/>\n<link rel=\"canonical\" href=\"https:\/\/www.andalusien-urlaub.eu\/blog\/malaga-3\/malaga-stadt\/zu-fuss-von-nerja-bis-manilva\/\" \/>\n<meta property=\"og:locale\" content=\"de_DE\" \/>\n<meta property=\"og:type\" content=\"article\" \/>\n<meta property=\"og:title\" content=\"La Senda Litoral: Zu Fu\u00df von Nerja bis Manilva\" \/>\n<meta property=\"og:description\" content=\"Der K\u00fcstenwander- und Radweg Senda Litoral vereint die 184 Kilometer lange Costa del Sol von Nerja bis Manilva.\" \/>\n<meta property=\"og:url\" content=\"https:\/\/www.andalusien-urlaub.eu\/blog\/malaga-3\/malaga-stadt\/zu-fuss-von-nerja-bis-manilva\/\" \/>\n<meta property=\"og:site_name\" content=\"Andalusien entdecken\" \/>\n<meta property=\"article:publisher\" content=\"https:\/\/www.facebook.com\/abnachandalusien\" \/>\n<meta property=\"article:author\" content=\"https:\/\/www.facebook.com\/abnachandalusien\/\" \/>\n<meta property=\"article:published_time\" content=\"2014-12-14T17:45:47+00:00\" \/>\n<meta property=\"article:modified_time\" content=\"2014-12-16T15:16:23+00:00\" \/>\n<meta property=\"og:image\" content=\"https:\/\/i0.wp.com\/www.andalusien-urlaub.eu\/blog\/wp-content\/uploads\/DSCN4087.jpg?fit=390%2C261&ssl=1\" \/>\n\t<meta property=\"og:image:width\" content=\"390\" \/>\n\t<meta property=\"og:image:height\" content=\"261\" \/>\n\t<meta property=\"og:image:type\" content=\"image\/jpeg\" \/>\n<meta name=\"author\" content=\"J\u00fcrgen\" \/>\n<meta name=\"twitter:card\" content=\"summary_large_image\" \/>\n<meta name=\"twitter:creator\" content=\"@granadareisen\" \/>\n<meta name=\"twitter:site\" content=\"@granadareisen\" \/>\n<meta name=\"twitter:label1\" content=\"Verfasst von\" \/>\n\t<meta name=\"twitter:data1\" content=\"J\u00fcrgen\" \/>\n\t<meta name=\"twitter:label2\" content=\"Gesch\u00e4tzte Lesezeit\" \/>\n\t<meta name=\"twitter:data2\" content=\"2\u00a0Minuten\" \/>\n<script type=\"application\/ld+json\" class=\"yoast-schema-graph\">{\"@context\":\"https:\/\/schema.org\",\"@graph\":[{\"@type\":\"Article\",\"@id\":\"https:\/\/www.andalusien-urlaub.eu\/blog\/malaga-3\/malaga-stadt\/zu-fuss-von-nerja-bis-manilva\/#article\",\"isPartOf\":{\"@id\":\"https:\/\/www.andalusien-urlaub.eu\/blog\/malaga-3\/malaga-stadt\/zu-fuss-von-nerja-bis-manilva\/\"},\"author\":{\"name\":\"J\u00fcrgen\",\"@id\":\"https:\/\/www.andalusien-urlaub.eu\/blog\/#\/schema\/person\/264dc6c6323db2bd8f7206efd54d6b00\"},\"headline\":\"Zu Fu\u00df von Nerja bis Manilva\",\"datePublished\":\"2014-12-14T17:45:47+00:00\",\"dateModified\":\"2014-12-16T15:16:23+00:00\",\"mainEntityOfPage\":{\"@id\":\"https:\/\/www.andalusien-urlaub.eu\/blog\/malaga-3\/malaga-stadt\/zu-fuss-von-nerja-bis-manilva\/\"},\"wordCount\":443,\"commentCount\":9,\"publisher\":{\"@id\":\"https:\/\/www.andalusien-urlaub.eu\/blog\/#organization\"},\"image\":{\"@id\":\"https:\/\/www.andalusien-urlaub.eu\/blog\/malaga-3\/malaga-stadt\/zu-fuss-von-nerja-bis-manilva\/#primaryimage\"},\"thumbnailUrl\":\"https:\/\/i0.wp.com\/www.andalusien-urlaub.eu\/blog\/wp-content\/uploads\/DSCN4087.jpg?fit=390%2C261&ssl=1\",\"keywords\":[\"Senda Litoral\",\"Wandern\"],\"articleSection\":[\"M\u00e1laga Stadt\",\"Naturfotografie\",\"Wandern\"],\"inLanguage\":\"de\",\"potentialAction\":[{\"@type\":\"CommentAction\",\"name\":\"Comment\",\"target\":[\"https:\/\/www.andalusien-urlaub.eu\/blog\/malaga-3\/malaga-stadt\/zu-fuss-von-nerja-bis-manilva\/#respond\"]}]},{\"@type\":\"WebPage\",\"@id\":\"https:\/\/www.andalusien-urlaub.eu\/blog\/malaga-3\/malaga-stadt\/zu-fuss-von-nerja-bis-manilva\/\",\"url\":\"https:\/\/www.andalusien-urlaub.eu\/blog\/malaga-3\/malaga-stadt\/zu-fuss-von-nerja-bis-manilva\/\",\"name\":\"La Senda Litoral: Zu Fu\u00df von Nerja bis Manilva\",\"isPartOf\":{\"@id\":\"https:\/\/www.andalusien-urlaub.eu\/blog\/#website\"},\"primaryImageOfPage\":{\"@id\":\"https:\/\/www.andalusien-urlaub.eu\/blog\/malaga-3\/malaga-stadt\/zu-fuss-von-nerja-bis-manilva\/#primaryimage\"},\"image\":{\"@id\":\"https:\/\/www.andalusien-urlaub.eu\/blog\/malaga-3\/malaga-stadt\/zu-fuss-von-nerja-bis-manilva\/#primaryimage\"},\"thumbnailUrl\":\"https:\/\/i0.wp.com\/www.andalusien-urlaub.eu\/blog\/wp-content\/uploads\/DSCN4087.jpg?fit=390%2C261&ssl=1\",\"datePublished\":\"2014-12-14T17:45:47+00:00\",\"dateModified\":\"2014-12-16T15:16:23+00:00\",\"description\":\"Der K\u00fcstenwander- und Radweg Senda Litoral vereint die 184 Kilometer lange Costa del Sol von Nerja bis Manilva.\",\"breadcrumb\":{\"@id\":\"https:\/\/www.andalusien-urlaub.eu\/blog\/malaga-3\/malaga-stadt\/zu-fuss-von-nerja-bis-manilva\/#breadcrumb\"},\"inLanguage\":\"de\",\"potentialAction\":[{\"@type\":\"ReadAction\",\"target\":[\"https:\/\/www.andalusien-urlaub.eu\/blog\/malaga-3\/malaga-stadt\/zu-fuss-von-nerja-bis-manilva\/\"]}]},{\"@type\":\"ImageObject\",\"inLanguage\":\"de\",\"@id\":\"https:\/\/www.andalusien-urlaub.eu\/blog\/malaga-3\/malaga-stadt\/zu-fuss-von-nerja-bis-manilva\/#primaryimage\",\"url\":\"https:\/\/i0.wp.com\/www.andalusien-urlaub.eu\/blog\/wp-content\/uploads\/DSCN4087.jpg?fit=390%2C261&ssl=1\",\"contentUrl\":\"https:\/\/i0.wp.com\/www.andalusien-urlaub.eu\/blog\/wp-content\/uploads\/DSCN4087.jpg?fit=390%2C261&ssl=1\",\"width\":390,\"height\":261,\"caption\":\"K\u00fcstenwanderweg Mijas\"},{\"@type\":\"BreadcrumbList\",\"@id\":\"https:\/\/www.andalusien-urlaub.eu\/blog\/malaga-3\/malaga-stadt\/zu-fuss-von-nerja-bis-manilva\/#breadcrumb\",\"itemListElement\":[{\"@type\":\"ListItem\",\"position\":1,\"name\":\"Home\",\"item\":\"https:\/\/www.andalusien-urlaub.eu\/blog\/homepage\/\"},{\"@type\":\"ListItem\",\"position\":2,\"name\":\"M\u00e1laga\",\"item\":\"https:\/\/www.andalusien-urlaub.eu\/blog\/category\/malaga-3\/\"},{\"@type\":\"ListItem\",\"position\":3,\"name\":\"M\u00e1laga Stadt\",\"item\":\"https:\/\/www.andalusien-urlaub.eu\/blog\/category\/malaga-3\/malaga-stadt\/\"},{\"@type\":\"ListItem\",\"position\":4,\"name\":\"Zu Fu\u00df von Nerja bis Manilva\"}]},{\"@type\":\"WebSite\",\"@id\":\"https:\/\/www.andalusien-urlaub.eu\/blog\/#website\",\"url\":\"https:\/\/www.andalusien-urlaub.eu\/blog\/\",\"name\":\"Andalusien entdecken\",\"description\":\"Auf Entdeckungsreise in Andalusien\",\"publisher\":{\"@id\":\"https:\/\/www.andalusien-urlaub.eu\/blog\/#organization\"},\"potentialAction\":[{\"@type\":\"SearchAction\",\"target\":{\"@type\":\"EntryPoint\",\"urlTemplate\":\"https:\/\/www.andalusien-urlaub.eu\/blog\/?s={search_term_string}\"},\"query-input\":{\"@type\":\"PropertyValueSpecification\",\"valueRequired\":true,\"valueName\":\"search_term_string\"}}],\"inLanguage\":\"de\"},{\"@type\":\"Organization\",\"@id\":\"https:\/\/www.andalusien-urlaub.eu\/blog\/#organization\",\"name\":\"Andalusien entdecken\",\"url\":\"https:\/\/www.andalusien-urlaub.eu\/blog\/\",\"logo\":{\"@type\":\"ImageObject\",\"inLanguage\":\"de\",\"@id\":\"https:\/\/www.andalusien-urlaub.eu\/blog\/#\/schema\/logo\/image\/\",\"url\":\"https:\/\/i2.wp.com\/www.andalusien-urlaub.eu\/blog\/wp-content\/uploads\/Logo_Final_PNG_kl.png?fit=300%2C127&ssl=1\",\"contentUrl\":\"https:\/\/i2.wp.com\/www.andalusien-urlaub.eu\/blog\/wp-content\/uploads\/Logo_Final_PNG_kl.png?fit=300%2C127&ssl=1\",\"width\":300,\"height\":127,\"caption\":\"Andalusien entdecken\"},\"image\":{\"@id\":\"https:\/\/www.andalusien-urlaub.eu\/blog\/#\/schema\/logo\/image\/\"},\"sameAs\":[\"https:\/\/www.facebook.com\/abnachandalusien\",\"https:\/\/x.com\/granadareisen\"]},{\"@type\":\"Person\",\"@id\":\"https:\/\/www.andalusien-urlaub.eu\/blog\/#\/schema\/person\/264dc6c6323db2bd8f7206efd54d6b00\",\"name\":\"J\u00fcrgen\",\"image\":{\"@type\":\"ImageObject\",\"inLanguage\":\"de\",\"@id\":\"https:\/\/www.andalusien-urlaub.eu\/blog\/#\/schema\/person\/image\/\",\"url\":\"https:\/\/secure.gravatar.com\/avatar\/4d994b0f3a6eb417aae9a837d0e606617f5fd7ba92f306bb2028b6b5fb9d3d07?s=96&r=g\",\"contentUrl\":\"https:\/\/secure.gravatar.com\/avatar\/4d994b0f3a6eb417aae9a837d0e606617f5fd7ba92f306bb2028b6b5fb9d3d07?s=96&r=g\",\"caption\":\"J\u00fcrgen\"},\"description\":\"Auf Entdeckungsreise in Andalusien - am liebsten mit meiner Kamera draussen in der Natur. Als Tour Guide organisiere ich private Ausfl\u00fcge, Wanderungen und Fotoexkurs\u00edonen in vielen Regionen Andalusiens.\",\"sameAs\":[\"https:\/\/juergenheitmann.com\",\"https:\/\/www.facebook.com\/abnachandalusien\/\"],\"url\":\"https:\/\/www.andalusien-urlaub.eu\/blog\/author\/jamal\/\"}]}<\/script>\n<!-- \/ Yoast SEO plugin. -->","yoast_head_json":{"title":"La Senda Litoral: Zu Fu\u00df von Nerja bis Manilva","description":"Der K\u00fcstenwander- und Radweg Senda Litoral vereint die 184 Kilometer lange Costa del Sol von Nerja bis Manilva.","robots":{"index":"index","follow":"follow","max-snippet":"max-snippet:-1","max-image-preview":"max-image-preview:large","max-video-preview":"max-video-preview:-1"},"canonical":"https:\/\/www.andalusien-urlaub.eu\/blog\/malaga-3\/malaga-stadt\/zu-fuss-von-nerja-bis-manilva\/","og_locale":"de_DE","og_type":"article","og_title":"La Senda Litoral: Zu Fu\u00df von Nerja bis Manilva","og_description":"Der K\u00fcstenwander- und Radweg Senda Litoral vereint die 184 Kilometer lange Costa del Sol von Nerja bis Manilva.","og_url":"https:\/\/www.andalusien-urlaub.eu\/blog\/malaga-3\/malaga-stadt\/zu-fuss-von-nerja-bis-manilva\/","og_site_name":"Andalusien entdecken","article_publisher":"https:\/\/www.facebook.com\/abnachandalusien","article_author":"https:\/\/www.facebook.com\/abnachandalusien\/","article_published_time":"2014-12-14T17:45:47+00:00","article_modified_time":"2014-12-16T15:16:23+00:00","og_image":[{"width":390,"height":261,"url":"https:\/\/i0.wp.com\/www.andalusien-urlaub.eu\/blog\/wp-content\/uploads\/DSCN4087.jpg?fit=390%2C261&ssl=1","type":"image\/jpeg"}],"author":"J\u00fcrgen","twitter_card":"summary_large_image","twitter_creator":"@granadareisen","twitter_site":"@granadareisen","twitter_misc":{"Verfasst von":"J\u00fcrgen","Gesch\u00e4tzte Lesezeit":"2\u00a0Minuten"},"schema":{"@context":"https:\/\/schema.org","@graph":[{"@type":"Article","@id":"https:\/\/www.andalusien-urlaub.eu\/blog\/malaga-3\/malaga-stadt\/zu-fuss-von-nerja-bis-manilva\/#article","isPartOf":{"@id":"https:\/\/www.andalusien-urlaub.eu\/blog\/malaga-3\/malaga-stadt\/zu-fuss-von-nerja-bis-manilva\/"},"author":{"name":"J\u00fcrgen","@id":"https:\/\/www.andalusien-urlaub.eu\/blog\/#\/schema\/person\/264dc6c6323db2bd8f7206efd54d6b00"},"headline":"Zu Fu\u00df von Nerja bis Manilva","datePublished":"2014-12-14T17:45:47+00:00","dateModified":"2014-12-16T15:16:23+00:00","mainEntityOfPage":{"@id":"https:\/\/www.andalusien-urlaub.eu\/blog\/malaga-3\/malaga-stadt\/zu-fuss-von-nerja-bis-manilva\/"},"wordCount":443,"commentCount":9,"publisher":{"@id":"https:\/\/www.andalusien-urlaub.eu\/blog\/#organization"},"image":{"@id":"https:\/\/www.andalusien-urlaub.eu\/blog\/malaga-3\/malaga-stadt\/zu-fuss-von-nerja-bis-manilva\/#primaryimage"},"thumbnailUrl":"https:\/\/i0.wp.com\/www.andalusien-urlaub.eu\/blog\/wp-content\/uploads\/DSCN4087.jpg?fit=390%2C261&ssl=1","keywords":["Senda Litoral","Wandern"],"articleSection":["M\u00e1laga Stadt","Naturfotografie","Wandern"],"inLanguage":"de","potentialAction":[{"@type":"CommentAction","name":"Comment","target":["https:\/\/www.andalusien-urlaub.eu\/blog\/malaga-3\/malaga-stadt\/zu-fuss-von-nerja-bis-manilva\/#respond"]}]},{"@type":"WebPage","@id":"https:\/\/www.andalusien-urlaub.eu\/blog\/malaga-3\/malaga-stadt\/zu-fuss-von-nerja-bis-manilva\/","url":"https:\/\/www.andalusien-urlaub.eu\/blog\/malaga-3\/malaga-stadt\/zu-fuss-von-nerja-bis-manilva\/","name":"La Senda Litoral: Zu Fu\u00df von Nerja bis Manilva","isPartOf":{"@id":"https:\/\/www.andalusien-urlaub.eu\/blog\/#website"},"primaryImageOfPage":{"@id":"https:\/\/www.andalusien-urlaub.eu\/blog\/malaga-3\/malaga-stadt\/zu-fuss-von-nerja-bis-manilva\/#primaryimage"},"image":{"@id":"https:\/\/www.andalusien-urlaub.eu\/blog\/malaga-3\/malaga-stadt\/zu-fuss-von-nerja-bis-manilva\/#primaryimage"},"thumbnailUrl":"https:\/\/i0.wp.com\/www.andalusien-urlaub.eu\/blog\/wp-content\/uploads\/DSCN4087.jpg?fit=390%2C261&ssl=1","datePublished":"2014-12-14T17:45:47+00:00","dateModified":"2014-12-16T15:16:23+00:00","description":"Der K\u00fcstenwander- und Radweg Senda Litoral vereint die 184 Kilometer lange Costa del Sol von Nerja bis Manilva.","breadcrumb":{"@id":"https:\/\/www.andalusien-urlaub.eu\/blog\/malaga-3\/malaga-stadt\/zu-fuss-von-nerja-bis-manilva\/#breadcrumb"},"inLanguage":"de","potentialAction":[{"@type":"ReadAction","target":["https:\/\/www.andalusien-urlaub.eu\/blog\/malaga-3\/malaga-stadt\/zu-fuss-von-nerja-bis-manilva\/"]}]},{"@type":"ImageObject","inLanguage":"de","@id":"https:\/\/www.andalusien-urlaub.eu\/blog\/malaga-3\/malaga-stadt\/zu-fuss-von-nerja-bis-manilva\/#primaryimage","url":"https:\/\/i0.wp.com\/www.andalusien-urlaub.eu\/blog\/wp-content\/uploads\/DSCN4087.jpg?fit=390%2C261&ssl=1","contentUrl":"https:\/\/i0.wp.com\/www.andalusien-urlaub.eu\/blog\/wp-content\/uploads\/DSCN4087.jpg?fit=390%2C261&ssl=1","width":390,"height":261,"caption":"K\u00fcstenwanderweg Mijas"},{"@type":"BreadcrumbList","@id":"https:\/\/www.andalusien-urlaub.eu\/blog\/malaga-3\/malaga-stadt\/zu-fuss-von-nerja-bis-manilva\/#breadcrumb","itemListElement":[{"@type":"ListItem","position":1,"name":"Home","item":"https:\/\/www.andalusien-urlaub.eu\/blog\/homepage\/"},{"@type":"ListItem","position":2,"name":"M\u00e1laga","item":"https:\/\/www.andalusien-urlaub.eu\/blog\/category\/malaga-3\/"},{"@type":"ListItem","position":3,"name":"M\u00e1laga Stadt","item":"https:\/\/www.andalusien-urlaub.eu\/blog\/category\/malaga-3\/malaga-stadt\/"},{"@type":"ListItem","position":4,"name":"Zu Fu\u00df von Nerja bis Manilva"}]},{"@type":"WebSite","@id":"https:\/\/www.andalusien-urlaub.eu\/blog\/#website","url":"https:\/\/www.andalusien-urlaub.eu\/blog\/","name":"Andalusien entdecken","description":"Auf Entdeckungsreise in Andalusien","publisher":{"@id":"https:\/\/www.andalusien-urlaub.eu\/blog\/#organization"},"potentialAction":[{"@type":"SearchAction","target":{"@type":"EntryPoint","urlTemplate":"https:\/\/www.andalusien-urlaub.eu\/blog\/?s={search_term_string}"},"query-input":{"@type":"PropertyValueSpecification","valueRequired":true,"valueName":"search_term_string"}}],"inLanguage":"de"},{"@type":"Organization","@id":"https:\/\/www.andalusien-urlaub.eu\/blog\/#organization","name":"Andalusien entdecken","url":"https:\/\/www.andalusien-urlaub.eu\/blog\/","logo":{"@type":"ImageObject","inLanguage":"de","@id":"https:\/\/www.andalusien-urlaub.eu\/blog\/#\/schema\/logo\/image\/","url":"https:\/\/i2.wp.com\/www.andalusien-urlaub.eu\/blog\/wp-content\/uploads\/Logo_Final_PNG_kl.png?fit=300%2C127&ssl=1","contentUrl":"https:\/\/i2.wp.com\/www.andalusien-urlaub.eu\/blog\/wp-content\/uploads\/Logo_Final_PNG_kl.png?fit=300%2C127&ssl=1","width":300,"height":127,"caption":"Andalusien entdecken"},"image":{"@id":"https:\/\/www.andalusien-urlaub.eu\/blog\/#\/schema\/logo\/image\/"},"sameAs":["https:\/\/www.facebook.com\/abnachandalusien","https:\/\/x.com\/granadareisen"]},{"@type":"Person","@id":"https:\/\/www.andalusien-urlaub.eu\/blog\/#\/schema\/person\/264dc6c6323db2bd8f7206efd54d6b00","name":"J\u00fcrgen","image":{"@type":"ImageObject","inLanguage":"de","@id":"https:\/\/www.andalusien-urlaub.eu\/blog\/#\/schema\/person\/image\/","url":"https:\/\/secure.gravatar.com\/avatar\/4d994b0f3a6eb417aae9a837d0e606617f5fd7ba92f306bb2028b6b5fb9d3d07?s=96&r=g","contentUrl":"https:\/\/secure.gravatar.com\/avatar\/4d994b0f3a6eb417aae9a837d0e606617f5fd7ba92f306bb2028b6b5fb9d3d07?s=96&r=g","caption":"J\u00fcrgen"},"description":"Auf Entdeckungsreise in Andalusien - am liebsten mit meiner Kamera draussen in der Natur. Als Tour Guide organisiere ich private Ausfl\u00fcge, Wanderungen und Fotoexkurs\u00edonen in vielen Regionen Andalusiens.","sameAs":["https:\/\/juergenheitmann.com","https:\/\/www.facebook.com\/abnachandalusien\/"],"url":"https:\/\/www.andalusien-urlaub.eu\/blog\/author\/jamal\/"}]}},"jetpack_featured_media_url":"https:\/\/i0.wp.com\/www.andalusien-urlaub.eu\/blog\/wp-content\/uploads\/DSCN4087.jpg?fit=390%2C261&ssl=1","jetpack_shortlink":"https:\/\/wp.me\/p4SCDV-Lv","jetpack_sharing_enabled":true,"_links":{"self":[{"href":"https:\/\/www.andalusien-urlaub.eu\/blog\/wp-json\/wp\/v2\/posts\/2945","targetHints":{"allow":["GET"]}}],"collection":[{"href":"https:\/\/www.andalusien-urlaub.eu\/blog\/wp-json\/wp\/v2\/posts"}],"about":[{"href":"https:\/\/www.andalusien-urlaub.eu\/blog\/wp-json\/wp\/v2\/types\/post"}],"author":[{"embeddable":true,"href":"https:\/\/www.andalusien-urlaub.eu\/blog\/wp-json\/wp\/v2\/users\/1"}],"replies":[{"embeddable":true,"href":"https:\/\/www.andalusien-urlaub.eu\/blog\/wp-json\/wp\/v2\/comments?post=2945"}],"version-history":[{"count":0,"href":"https:\/\/www.andalusien-urlaub.eu\/blog\/wp-json\/wp\/v2\/posts\/2945\/revisions"}],"wp:featuredmedia":[{"embeddable":true,"href":"https:\/\/www.andalusien-urlaub.eu\/blog\/wp-json\/wp\/v2\/media\/2938"}],"wp:attachment":[{"href":"https:\/\/www.andalusien-urlaub.eu\/blog\/wp-json\/wp\/v2\/media?parent=2945"}],"wp:term":[{"taxonomy":"category","embeddable":true,"href":"https:\/\/www.andalusien-urlaub.eu\/blog\/wp-json\/wp\/v2\/categories?post=2945"},{"taxonomy":"post_tag","embeddable":true,"href":"https:\/\/www.andalusien-urlaub.eu\/blog\/wp-json\/wp\/v2\/tags?post=2945"}],"curies":[{"name":"wp","href":"https:\/\/api.w.org\/{rel}","templated":true}]}}