{"id":3236,"date":"2015-03-18T21:00:31","date_gmt":"2015-03-18T20:00:31","guid":{"rendered":"https:\/\/www.andalusien-urlaub.eu\/blog\/?p=3236"},"modified":"2020-04-16T09:58:34","modified_gmt":"2020-04-16T08:58:34","slug":"die-badlands-von-granada","status":"publish","type":"post","link":"https:\/\/www.andalusien-urlaub.eu\/blog\/wandern\/die-badlands-von-granada\/","title":{"rendered":"Die Badlands von Granada"},"content":{"rendered":"<h2>Unterwegs in der Hoya de Guadix<\/h2>\n<p>Letztes Wochenende habe ich einen Ausflug in die w\u00fcstenartigen <strong>Badlands von\u00a0Granada<\/strong> unternommen, genauer gesagt in der <strong>Hoya de Guadix<\/strong>, n\u00f6rdlich der Stadt Guadix. Die Hoya de Guadix ist eine Hochebene, eingeschlossen von den Bergketten der <strong>Sierra Nevada<\/strong> im S\u00fcden, der <strong>Sierra de Baza<\/strong> im Osten, der <strong>Sierra M\u00e1gina<\/strong> im Norden und der <strong>Sierra Harana<\/strong> im Westen.<\/p>\n<blockquote><p>Definition aus Wikipedia: Die Erdoberfl\u00e4che in Badlands ist durch leicht verwitternde Gesteine und offene B\u00f6den gepr\u00e4gt. Durch Wasser- oder Windeinwirkung werden vor allem Schiefertone, Tonsteine und Lehme rasch erodiert, was zur Entstehung der typischen Oberfl\u00e4chenformen f\u00fchrt. Wichtige geomorphologische Formen in Badlands sind Canyons, Schluchten und Hoodoos. Ein Badlands-Gebiet besteht \u00fcberwiegend aus sich st\u00e4ndig erweiternden Schluchten und T\u00e4lern, zwischen denen scharfe K\u00e4mme stehen bleiben. Manche Badlands besitzen au\u00dferdem eine spektakul\u00e4re Farbgebung, die z. B. zwischen schwarzen\/blauen Kohleschlieren und gelben\/r\u00f6tlichen Lehmablagerungen wechselt.<\/p><\/blockquote>\n<p>Das faszinierende an dieser Gegend sind die bizarren Formen und vor allem die Farben der verschiedenen Erdschichten und Gesteine. Weiterf\u00fchrende Informationen mit vielen Fotos findet Ihr in dem Blogbeitrag <a href=\"https:\/\/fototouren.eu\/blog\/die-badlands-von-granada\/\">Die Badlands von Granada<\/a>.<\/p>\n<p><img decoding=\"async\" class=\"ngg_displayed_gallery mceItem\" src=\"https:\/\/www.andalusien-urlaub.eu\/blog\/nextgen-attach_to_post\/preview\/id--3276\" alt=\"\" data-mce-placeholder=\"1\" \/><\/p>\n<h2>Die H\u00f6hlenwohnungen von Guadix<\/h2>\n<p>Ein weiteres Kuriosum sind die <strong>H\u00f6hlenwohnungen<\/strong>, die typisch f\u00fcr diese Region sind. Schon in den achtziger Jahren hatte mich dieser Anblick fasziniert, wenn man, je nach Standpunkt, eine H\u00fcgellandschaft\u00a0mit hin und wieder einem wei\u00dfen Schornstein und eine Fernsehantenne sah. Das vorherrschende weiche Tongestein erm\u00f6glichte diese billige und schnelle Art des Hausbaus. Man hat klein angefangen und wenn z.B. Nachwuchs kam, hat man einfach ein weiteres Zimmer gegraben. Die H\u00f6hlen bieten ein einzigartiges Wohnklima. Es herrschen dort immer 18\u00b0 C, egal ob kalter Winter oder hei\u00dfer Sommer.<\/p>\n<p>Damals sind die &#8222;H\u00f6hlenbewohner&#8220; von Ihren H\u00f6hlen in neu gebaute H\u00e4user oder Wohnungen gezogen. Keiner wollte mehr in diesen arme-Leute-H\u00e4usern wohnen und viele der H\u00f6hlen verkamen. Ca. ein Jahrzehnt sp\u00e4ter kam der Trend auf, diese H\u00f6hlenwohnungen f\u00fcr den l\u00e4ndlichen Tourismus wieder herzurichten.<\/p>\n<p>Nat\u00fcrlich war auch ich w\u00e4hrend meines Ausfluges in einer H\u00f6hle untergebracht. Damit wir uns nicht falsch verstehen, ich habe nicht in einer B\u00e4renh\u00f6hle mit Lagerfeuer und Strohbett gehaust. Bei den H\u00f6hlen\u00a0der <a title=\"Cuevas La Granja\" href=\"http:\/\/www.cuevas.org\/\" target=\"_blank\" rel=\"nofollow noopener noreferrer\">Cuevas La Granja<\/a>\u00a0handelt es sich um Ferienappartements mit allem Komfort: Hydromassagedusche, W-Lan Router in jedem Apartment, Kamin, Ceranfeld Herd, wer\u00b4s braucht TV, &#8230;<\/p>\n<p><a href=\"https:\/\/i0.wp.com\/www.andalusien-urlaub.eu\/blog\/wp-content\/uploads\/photo.jpg?ssl=1\"><img data-recalc-dims=\"1\" loading=\"lazy\" decoding=\"async\" data-attachment-id=\"3247\" data-permalink=\"https:\/\/www.andalusien-urlaub.eu\/blog\/wandern\/die-badlands-von-granada\/attachment\/photo\/\" data-orig-file=\"https:\/\/i0.wp.com\/www.andalusien-urlaub.eu\/blog\/wp-content\/uploads\/photo.jpg?fit=824%2C550&amp;ssl=1\" data-orig-size=\"824,550\" data-comments-opened=\"1\" data-image-meta=\"{&quot;aperture&quot;:&quot;0&quot;,&quot;credit&quot;:&quot;&quot;,&quot;camera&quot;:&quot;&quot;,&quot;caption&quot;:&quot;&quot;,&quot;created_timestamp&quot;:&quot;0&quot;,&quot;copyright&quot;:&quot;&quot;,&quot;focal_length&quot;:&quot;0&quot;,&quot;iso&quot;:&quot;0&quot;,&quot;shutter_speed&quot;:&quot;0&quot;,&quot;title&quot;:&quot;&quot;,&quot;orientation&quot;:&quot;0&quot;}\" data-image-title=\"Cuevas La Granja\" data-image-description=\"\" data-image-caption=\"\" data-medium-file=\"https:\/\/i0.wp.com\/www.andalusien-urlaub.eu\/blog\/wp-content\/uploads\/photo.jpg?fit=390%2C260&amp;ssl=1\" data-large-file=\"https:\/\/i0.wp.com\/www.andalusien-urlaub.eu\/blog\/wp-content\/uploads\/photo.jpg?fit=500%2C334&amp;ssl=1\" class=\"aligncenter size-large wp-image-3247\" src=\"https:\/\/i0.wp.com\/www.andalusien-urlaub.eu\/blog\/wp-content\/uploads\/photo.jpg?resize=500%2C334&#038;ssl=1\" alt=\"H\u00f6hlenwohnung\" width=\"500\" height=\"334\" srcset=\"https:\/\/i0.wp.com\/www.andalusien-urlaub.eu\/blog\/wp-content\/uploads\/photo.jpg?resize=500%2C334&amp;ssl=1 500w, https:\/\/i0.wp.com\/www.andalusien-urlaub.eu\/blog\/wp-content\/uploads\/photo.jpg?resize=90%2C60&amp;ssl=1 90w, https:\/\/i0.wp.com\/www.andalusien-urlaub.eu\/blog\/wp-content\/uploads\/photo.jpg?resize=390%2C261&amp;ssl=1 390w, https:\/\/i0.wp.com\/www.andalusien-urlaub.eu\/blog\/wp-content\/uploads\/photo.jpg?resize=300%2C200&amp;ssl=1 300w, https:\/\/i0.wp.com\/www.andalusien-urlaub.eu\/blog\/wp-content\/uploads\/photo.jpg?resize=690%2C462&amp;ssl=1 690w, https:\/\/i0.wp.com\/www.andalusien-urlaub.eu\/blog\/wp-content\/uploads\/photo.jpg?w=824&amp;ssl=1 824w\" sizes=\"auto, (max-width: 500px) 100vw, 500px\" \/><\/a><\/p>\n<p><a href=\"https:\/\/i0.wp.com\/www.andalusien-urlaub.eu\/blog\/wp-content\/uploads\/photo2.jpg?ssl=1\"><img data-recalc-dims=\"1\" loading=\"lazy\" decoding=\"async\" data-attachment-id=\"3248\" data-permalink=\"https:\/\/www.andalusien-urlaub.eu\/blog\/wandern\/die-badlands-von-granada\/attachment\/photo2\/\" data-orig-file=\"https:\/\/i0.wp.com\/www.andalusien-urlaub.eu\/blog\/wp-content\/uploads\/photo2.jpg?fit=640%2C427&amp;ssl=1\" data-orig-size=\"640,427\" data-comments-opened=\"1\" data-image-meta=\"{&quot;aperture&quot;:&quot;0&quot;,&quot;credit&quot;:&quot;&quot;,&quot;camera&quot;:&quot;&quot;,&quot;caption&quot;:&quot;&quot;,&quot;created_timestamp&quot;:&quot;0&quot;,&quot;copyright&quot;:&quot;&quot;,&quot;focal_length&quot;:&quot;0&quot;,&quot;iso&quot;:&quot;0&quot;,&quot;shutter_speed&quot;:&quot;0&quot;,&quot;title&quot;:&quot;&quot;,&quot;orientation&quot;:&quot;1&quot;}\" data-image-title=\"Ferienapartment H\u00f6hlenwohnung\" data-image-description=\"\" data-image-caption=\"\" data-medium-file=\"https:\/\/i0.wp.com\/www.andalusien-urlaub.eu\/blog\/wp-content\/uploads\/photo2.jpg?fit=390%2C260&amp;ssl=1\" data-large-file=\"https:\/\/i0.wp.com\/www.andalusien-urlaub.eu\/blog\/wp-content\/uploads\/photo2.jpg?fit=500%2C334&amp;ssl=1\" class=\"aligncenter size-large wp-image-3248\" src=\"https:\/\/i0.wp.com\/www.andalusien-urlaub.eu\/blog\/wp-content\/uploads\/photo2.jpg?resize=500%2C334&#038;ssl=1\" alt=\"Cueva Rural\" width=\"500\" height=\"334\" srcset=\"https:\/\/i0.wp.com\/www.andalusien-urlaub.eu\/blog\/wp-content\/uploads\/photo2.jpg?resize=500%2C334&amp;ssl=1 500w, https:\/\/i0.wp.com\/www.andalusien-urlaub.eu\/blog\/wp-content\/uploads\/photo2.jpg?resize=90%2C60&amp;ssl=1 90w, https:\/\/i0.wp.com\/www.andalusien-urlaub.eu\/blog\/wp-content\/uploads\/photo2.jpg?resize=390%2C261&amp;ssl=1 390w, https:\/\/i0.wp.com\/www.andalusien-urlaub.eu\/blog\/wp-content\/uploads\/photo2.jpg?resize=300%2C200&amp;ssl=1 300w, https:\/\/i0.wp.com\/www.andalusien-urlaub.eu\/blog\/wp-content\/uploads\/photo2.jpg?w=640&amp;ssl=1 640w\" sizes=\"auto, (max-width: 500px) 100vw, 500px\" \/><\/a><\/p>\n<p>Einen gro\u00dfen Pool gibt es auch noch. Die Appartements sind geschmackvoll eingerichtet und Gastfreundschaft wird ganz gro\u00df geschrieben. \u00a0Ich werde auf alle F\u00e4lle wieder kommen, denn ich habe noch l\u00e4ngst nicht alles gesehen.<\/p>\n<h2>Tourismus in der Region<\/h2>\n<p>Die Region ist ohne Zweifels ein Must-visit f\u00fcr Landschaftsfotografen, die das Besondere Andalusiens suchen. Aber die Gegend hat noch viel mehr zu bieten: Es gibt mehrere M\u00f6glichkeiten, Wanderungen zu unternehmen; es gibt einen Stausee, in dem man baden und Kajak fahren kann (Bootsverleih vorhanden), einen Fahrradverleih f\u00fcr Moutainbiking, man kann Ausritte unternehmen, Weinverk\u00f6stigungen in einer H\u00f6hlen-Bodega und vieles mehr.<\/p>\n<h2>Unser Angebot f\u00fcr diese Region<\/h2>\n<ul>\n<li><a href=\"https:\/\/fototouren.eu\/badlands.php\">Fotoexpedition in die Badlands von Granada<\/a>.<\/li>\n<\/ul>\n<p>%CODEmaps%<\/p>\n","protected":false},"excerpt":{"rendered":"<p>Unterwegs in der Hoya de Guadix Letztes Wochenende habe ich einen Ausflug in die w\u00fcstenartigen Badlands von\u00a0Granada unternommen, genauer gesagt in der Hoya de Guadix, n\u00f6rdlich der Stadt Guadix. Die Hoya de Guadix ist eine Hochebene, eingeschlossen von den Bergketten der Sierra Nevada im S\u00fcden, der Sierra de Baza im Osten, der Sierra M\u00e1gina im [&hellip;]<\/p>\n","protected":false},"author":1,"featured_media":3549,"comment_status":"open","ping_status":"closed","sticky":false,"template":"","format":"standard","meta":{"jetpack_post_was_ever_published":false,"_jetpack_newsletter_access":"","_jetpack_dont_email_post_to_subs":false,"_jetpack_newsletter_tier_id":0,"_jetpack_memberships_contains_paywalled_content":false,"_jetpack_memberships_contains_paid_content":false,"footnotes":""},"categories":[11,136,79],"tags":[144,146,149,148,145,147],"class_list":["post-3236","post","type-post","status-publish","format-standard","has-post-thumbnail","hentry","category-granada","category-naturfotografie","category-wandern","tag-badlands","tag-baza","tag-fotoausflug","tag-fotoexkursion","tag-guadix","tag-wueste"],"yoast_head":"<!-- This site is optimized with the Yoast SEO plugin v27.0 - https:\/\/yoast.com\/product\/yoast-seo-wordpress\/ -->\n<title>Die Badlands von Granada<\/title>\n<meta name=\"description\" content=\"Die Badlands von Granada in der Region Guadix und Baza sind w\u00fcstenartige Landschaften, die durch die Erosion \u00fcber Millionen von Jahren geformt wurden.\" \/>\n<meta name=\"robots\" content=\"index, follow, max-snippet:-1, max-image-preview:large, max-video-preview:-1\" \/>\n<link rel=\"canonical\" href=\"https:\/\/www.andalusien-urlaub.eu\/blog\/wandern\/die-badlands-von-granada\/\" \/>\n<meta property=\"og:locale\" content=\"de_DE\" \/>\n<meta property=\"og:type\" content=\"article\" \/>\n<meta property=\"og:title\" content=\"Die Badlands von Granada\" \/>\n<meta property=\"og:description\" content=\"Die Badlands von Granada in der Region Guadix und Baza sind w\u00fcstenartige Landschaften, die durch die Erosion \u00fcber Millionen von Jahren geformt wurden.\" \/>\n<meta property=\"og:url\" content=\"https:\/\/www.andalusien-urlaub.eu\/blog\/wandern\/die-badlands-von-granada\/\" \/>\n<meta property=\"og:site_name\" content=\"Andalusien entdecken\" \/>\n<meta property=\"article:publisher\" content=\"https:\/\/www.facebook.com\/abnachandalusien\" \/>\n<meta property=\"article:author\" content=\"https:\/\/www.facebook.com\/abnachandalusien\/\" \/>\n<meta property=\"article:published_time\" content=\"2015-03-18T20:00:31+00:00\" \/>\n<meta property=\"article:modified_time\" content=\"2020-04-16T08:58:34+00:00\" \/>\n<meta property=\"og:image\" content=\"https:\/\/i0.wp.com\/www.andalusien-urlaub.eu\/blog\/wp-content\/uploads\/P1011700kl.jpg?fit=600%2C300&ssl=1\" \/>\n\t<meta property=\"og:image:width\" content=\"600\" \/>\n\t<meta property=\"og:image:height\" content=\"300\" \/>\n\t<meta property=\"og:image:type\" content=\"image\/jpeg\" \/>\n<meta name=\"author\" content=\"J\u00fcrgen\" \/>\n<meta name=\"twitter:card\" content=\"summary_large_image\" \/>\n<meta name=\"twitter:creator\" content=\"@granadareisen\" \/>\n<meta name=\"twitter:site\" content=\"@granadareisen\" \/>\n<meta name=\"twitter:label1\" content=\"Verfasst von\" \/>\n\t<meta name=\"twitter:data1\" content=\"J\u00fcrgen\" \/>\n\t<meta name=\"twitter:label2\" content=\"Gesch\u00e4tzte Lesezeit\" \/>\n\t<meta name=\"twitter:data2\" content=\"3\u00a0Minuten\" \/>\n<script type=\"application\/ld+json\" class=\"yoast-schema-graph\">{\"@context\":\"https:\/\/schema.org\",\"@graph\":[{\"@type\":\"Article\",\"@id\":\"https:\/\/www.andalusien-urlaub.eu\/blog\/wandern\/die-badlands-von-granada\/#article\",\"isPartOf\":{\"@id\":\"https:\/\/www.andalusien-urlaub.eu\/blog\/wandern\/die-badlands-von-granada\/\"},\"author\":{\"name\":\"J\u00fcrgen\",\"@id\":\"https:\/\/www.andalusien-urlaub.eu\/blog\/#\/schema\/person\/264dc6c6323db2bd8f7206efd54d6b00\"},\"headline\":\"Die Badlands von Granada\",\"datePublished\":\"2015-03-18T20:00:31+00:00\",\"dateModified\":\"2020-04-16T08:58:34+00:00\",\"mainEntityOfPage\":{\"@id\":\"https:\/\/www.andalusien-urlaub.eu\/blog\/wandern\/die-badlands-von-granada\/\"},\"wordCount\":527,\"commentCount\":0,\"publisher\":{\"@id\":\"https:\/\/www.andalusien-urlaub.eu\/blog\/#organization\"},\"image\":{\"@id\":\"https:\/\/www.andalusien-urlaub.eu\/blog\/wandern\/die-badlands-von-granada\/#primaryimage\"},\"thumbnailUrl\":\"https:\/\/i0.wp.com\/www.andalusien-urlaub.eu\/blog\/wp-content\/uploads\/P1011700kl.jpg?fit=600%2C300&ssl=1\",\"keywords\":[\"Badlands\",\"Baza\",\"Fotoausflug\",\"Fotoexkursion\",\"Guadix\",\"W\u00fcste\"],\"articleSection\":[\"Granada\",\"Naturfotografie\",\"Wandern\"],\"inLanguage\":\"de\",\"potentialAction\":[{\"@type\":\"CommentAction\",\"name\":\"Comment\",\"target\":[\"https:\/\/www.andalusien-urlaub.eu\/blog\/wandern\/die-badlands-von-granada\/#respond\"]}]},{\"@type\":\"WebPage\",\"@id\":\"https:\/\/www.andalusien-urlaub.eu\/blog\/wandern\/die-badlands-von-granada\/\",\"url\":\"https:\/\/www.andalusien-urlaub.eu\/blog\/wandern\/die-badlands-von-granada\/\",\"name\":\"Die Badlands von Granada\",\"isPartOf\":{\"@id\":\"https:\/\/www.andalusien-urlaub.eu\/blog\/#website\"},\"primaryImageOfPage\":{\"@id\":\"https:\/\/www.andalusien-urlaub.eu\/blog\/wandern\/die-badlands-von-granada\/#primaryimage\"},\"image\":{\"@id\":\"https:\/\/www.andalusien-urlaub.eu\/blog\/wandern\/die-badlands-von-granada\/#primaryimage\"},\"thumbnailUrl\":\"https:\/\/i0.wp.com\/www.andalusien-urlaub.eu\/blog\/wp-content\/uploads\/P1011700kl.jpg?fit=600%2C300&ssl=1\",\"datePublished\":\"2015-03-18T20:00:31+00:00\",\"dateModified\":\"2020-04-16T08:58:34+00:00\",\"description\":\"Die Badlands von Granada in der Region Guadix und Baza sind w\u00fcstenartige Landschaften, die durch die Erosion \u00fcber Millionen von Jahren geformt wurden.\",\"breadcrumb\":{\"@id\":\"https:\/\/www.andalusien-urlaub.eu\/blog\/wandern\/die-badlands-von-granada\/#breadcrumb\"},\"inLanguage\":\"de\",\"potentialAction\":[{\"@type\":\"ReadAction\",\"target\":[\"https:\/\/www.andalusien-urlaub.eu\/blog\/wandern\/die-badlands-von-granada\/\"]}]},{\"@type\":\"ImageObject\",\"inLanguage\":\"de\",\"@id\":\"https:\/\/www.andalusien-urlaub.eu\/blog\/wandern\/die-badlands-von-granada\/#primaryimage\",\"url\":\"https:\/\/i0.wp.com\/www.andalusien-urlaub.eu\/blog\/wp-content\/uploads\/P1011700kl.jpg?fit=600%2C300&ssl=1\",\"contentUrl\":\"https:\/\/i0.wp.com\/www.andalusien-urlaub.eu\/blog\/wp-content\/uploads\/P1011700kl.jpg?fit=600%2C300&ssl=1\",\"width\":600,\"height\":300,\"caption\":\"Badlands Granadad\"},{\"@type\":\"BreadcrumbList\",\"@id\":\"https:\/\/www.andalusien-urlaub.eu\/blog\/wandern\/die-badlands-von-granada\/#breadcrumb\",\"itemListElement\":[{\"@type\":\"ListItem\",\"position\":1,\"name\":\"Home\",\"item\":\"https:\/\/www.andalusien-urlaub.eu\/blog\/homepage\/\"},{\"@type\":\"ListItem\",\"position\":2,\"name\":\"Wandern\",\"item\":\"https:\/\/www.andalusien-urlaub.eu\/blog\/category\/wandern\/\"},{\"@type\":\"ListItem\",\"position\":3,\"name\":\"Die Badlands von Granada\"}]},{\"@type\":\"WebSite\",\"@id\":\"https:\/\/www.andalusien-urlaub.eu\/blog\/#website\",\"url\":\"https:\/\/www.andalusien-urlaub.eu\/blog\/\",\"name\":\"Andalusien entdecken\",\"description\":\"Auf Entdeckungsreise in Andalusien\",\"publisher\":{\"@id\":\"https:\/\/www.andalusien-urlaub.eu\/blog\/#organization\"},\"potentialAction\":[{\"@type\":\"SearchAction\",\"target\":{\"@type\":\"EntryPoint\",\"urlTemplate\":\"https:\/\/www.andalusien-urlaub.eu\/blog\/?s={search_term_string}\"},\"query-input\":{\"@type\":\"PropertyValueSpecification\",\"valueRequired\":true,\"valueName\":\"search_term_string\"}}],\"inLanguage\":\"de\"},{\"@type\":\"Organization\",\"@id\":\"https:\/\/www.andalusien-urlaub.eu\/blog\/#organization\",\"name\":\"Andalusien entdecken\",\"url\":\"https:\/\/www.andalusien-urlaub.eu\/blog\/\",\"logo\":{\"@type\":\"ImageObject\",\"inLanguage\":\"de\",\"@id\":\"https:\/\/www.andalusien-urlaub.eu\/blog\/#\/schema\/logo\/image\/\",\"url\":\"https:\/\/i2.wp.com\/www.andalusien-urlaub.eu\/blog\/wp-content\/uploads\/Logo_Final_PNG_kl.png?fit=300%2C127&ssl=1\",\"contentUrl\":\"https:\/\/i2.wp.com\/www.andalusien-urlaub.eu\/blog\/wp-content\/uploads\/Logo_Final_PNG_kl.png?fit=300%2C127&ssl=1\",\"width\":300,\"height\":127,\"caption\":\"Andalusien entdecken\"},\"image\":{\"@id\":\"https:\/\/www.andalusien-urlaub.eu\/blog\/#\/schema\/logo\/image\/\"},\"sameAs\":[\"https:\/\/www.facebook.com\/abnachandalusien\",\"https:\/\/x.com\/granadareisen\"]},{\"@type\":\"Person\",\"@id\":\"https:\/\/www.andalusien-urlaub.eu\/blog\/#\/schema\/person\/264dc6c6323db2bd8f7206efd54d6b00\",\"name\":\"J\u00fcrgen\",\"image\":{\"@type\":\"ImageObject\",\"inLanguage\":\"de\",\"@id\":\"https:\/\/www.andalusien-urlaub.eu\/blog\/#\/schema\/person\/image\/\",\"url\":\"https:\/\/secure.gravatar.com\/avatar\/4d994b0f3a6eb417aae9a837d0e606617f5fd7ba92f306bb2028b6b5fb9d3d07?s=96&r=g\",\"contentUrl\":\"https:\/\/secure.gravatar.com\/avatar\/4d994b0f3a6eb417aae9a837d0e606617f5fd7ba92f306bb2028b6b5fb9d3d07?s=96&r=g\",\"caption\":\"J\u00fcrgen\"},\"description\":\"Auf Entdeckungsreise in Andalusien - am liebsten mit meiner Kamera draussen in der Natur. Als Tour Guide organisiere ich private Ausfl\u00fcge, Wanderungen und Fotoexkurs\u00edonen in vielen Regionen Andalusiens.\",\"sameAs\":[\"https:\/\/juergenheitmann.com\",\"https:\/\/www.facebook.com\/abnachandalusien\/\"],\"url\":\"https:\/\/www.andalusien-urlaub.eu\/blog\/author\/jamal\/\"}]}<\/script>\n<!-- \/ Yoast SEO plugin. -->","yoast_head_json":{"title":"Die Badlands von Granada","description":"Die Badlands von Granada in der Region Guadix und Baza sind w\u00fcstenartige Landschaften, die durch die Erosion \u00fcber Millionen von Jahren geformt wurden.","robots":{"index":"index","follow":"follow","max-snippet":"max-snippet:-1","max-image-preview":"max-image-preview:large","max-video-preview":"max-video-preview:-1"},"canonical":"https:\/\/www.andalusien-urlaub.eu\/blog\/wandern\/die-badlands-von-granada\/","og_locale":"de_DE","og_type":"article","og_title":"Die Badlands von Granada","og_description":"Die Badlands von Granada in der Region Guadix und Baza sind w\u00fcstenartige Landschaften, die durch die Erosion \u00fcber Millionen von Jahren geformt wurden.","og_url":"https:\/\/www.andalusien-urlaub.eu\/blog\/wandern\/die-badlands-von-granada\/","og_site_name":"Andalusien entdecken","article_publisher":"https:\/\/www.facebook.com\/abnachandalusien","article_author":"https:\/\/www.facebook.com\/abnachandalusien\/","article_published_time":"2015-03-18T20:00:31+00:00","article_modified_time":"2020-04-16T08:58:34+00:00","og_image":[{"width":600,"height":300,"url":"https:\/\/i0.wp.com\/www.andalusien-urlaub.eu\/blog\/wp-content\/uploads\/P1011700kl.jpg?fit=600%2C300&ssl=1","type":"image\/jpeg"}],"author":"J\u00fcrgen","twitter_card":"summary_large_image","twitter_creator":"@granadareisen","twitter_site":"@granadareisen","twitter_misc":{"Verfasst von":"J\u00fcrgen","Gesch\u00e4tzte Lesezeit":"3\u00a0Minuten"},"schema":{"@context":"https:\/\/schema.org","@graph":[{"@type":"Article","@id":"https:\/\/www.andalusien-urlaub.eu\/blog\/wandern\/die-badlands-von-granada\/#article","isPartOf":{"@id":"https:\/\/www.andalusien-urlaub.eu\/blog\/wandern\/die-badlands-von-granada\/"},"author":{"name":"J\u00fcrgen","@id":"https:\/\/www.andalusien-urlaub.eu\/blog\/#\/schema\/person\/264dc6c6323db2bd8f7206efd54d6b00"},"headline":"Die Badlands von Granada","datePublished":"2015-03-18T20:00:31+00:00","dateModified":"2020-04-16T08:58:34+00:00","mainEntityOfPage":{"@id":"https:\/\/www.andalusien-urlaub.eu\/blog\/wandern\/die-badlands-von-granada\/"},"wordCount":527,"commentCount":0,"publisher":{"@id":"https:\/\/www.andalusien-urlaub.eu\/blog\/#organization"},"image":{"@id":"https:\/\/www.andalusien-urlaub.eu\/blog\/wandern\/die-badlands-von-granada\/#primaryimage"},"thumbnailUrl":"https:\/\/i0.wp.com\/www.andalusien-urlaub.eu\/blog\/wp-content\/uploads\/P1011700kl.jpg?fit=600%2C300&ssl=1","keywords":["Badlands","Baza","Fotoausflug","Fotoexkursion","Guadix","W\u00fcste"],"articleSection":["Granada","Naturfotografie","Wandern"],"inLanguage":"de","potentialAction":[{"@type":"CommentAction","name":"Comment","target":["https:\/\/www.andalusien-urlaub.eu\/blog\/wandern\/die-badlands-von-granada\/#respond"]}]},{"@type":"WebPage","@id":"https:\/\/www.andalusien-urlaub.eu\/blog\/wandern\/die-badlands-von-granada\/","url":"https:\/\/www.andalusien-urlaub.eu\/blog\/wandern\/die-badlands-von-granada\/","name":"Die Badlands von Granada","isPartOf":{"@id":"https:\/\/www.andalusien-urlaub.eu\/blog\/#website"},"primaryImageOfPage":{"@id":"https:\/\/www.andalusien-urlaub.eu\/blog\/wandern\/die-badlands-von-granada\/#primaryimage"},"image":{"@id":"https:\/\/www.andalusien-urlaub.eu\/blog\/wandern\/die-badlands-von-granada\/#primaryimage"},"thumbnailUrl":"https:\/\/i0.wp.com\/www.andalusien-urlaub.eu\/blog\/wp-content\/uploads\/P1011700kl.jpg?fit=600%2C300&ssl=1","datePublished":"2015-03-18T20:00:31+00:00","dateModified":"2020-04-16T08:58:34+00:00","description":"Die Badlands von Granada in der Region Guadix und Baza sind w\u00fcstenartige Landschaften, die durch die Erosion \u00fcber Millionen von Jahren geformt wurden.","breadcrumb":{"@id":"https:\/\/www.andalusien-urlaub.eu\/blog\/wandern\/die-badlands-von-granada\/#breadcrumb"},"inLanguage":"de","potentialAction":[{"@type":"ReadAction","target":["https:\/\/www.andalusien-urlaub.eu\/blog\/wandern\/die-badlands-von-granada\/"]}]},{"@type":"ImageObject","inLanguage":"de","@id":"https:\/\/www.andalusien-urlaub.eu\/blog\/wandern\/die-badlands-von-granada\/#primaryimage","url":"https:\/\/i0.wp.com\/www.andalusien-urlaub.eu\/blog\/wp-content\/uploads\/P1011700kl.jpg?fit=600%2C300&ssl=1","contentUrl":"https:\/\/i0.wp.com\/www.andalusien-urlaub.eu\/blog\/wp-content\/uploads\/P1011700kl.jpg?fit=600%2C300&ssl=1","width":600,"height":300,"caption":"Badlands Granadad"},{"@type":"BreadcrumbList","@id":"https:\/\/www.andalusien-urlaub.eu\/blog\/wandern\/die-badlands-von-granada\/#breadcrumb","itemListElement":[{"@type":"ListItem","position":1,"name":"Home","item":"https:\/\/www.andalusien-urlaub.eu\/blog\/homepage\/"},{"@type":"ListItem","position":2,"name":"Wandern","item":"https:\/\/www.andalusien-urlaub.eu\/blog\/category\/wandern\/"},{"@type":"ListItem","position":3,"name":"Die Badlands von Granada"}]},{"@type":"WebSite","@id":"https:\/\/www.andalusien-urlaub.eu\/blog\/#website","url":"https:\/\/www.andalusien-urlaub.eu\/blog\/","name":"Andalusien entdecken","description":"Auf Entdeckungsreise in Andalusien","publisher":{"@id":"https:\/\/www.andalusien-urlaub.eu\/blog\/#organization"},"potentialAction":[{"@type":"SearchAction","target":{"@type":"EntryPoint","urlTemplate":"https:\/\/www.andalusien-urlaub.eu\/blog\/?s={search_term_string}"},"query-input":{"@type":"PropertyValueSpecification","valueRequired":true,"valueName":"search_term_string"}}],"inLanguage":"de"},{"@type":"Organization","@id":"https:\/\/www.andalusien-urlaub.eu\/blog\/#organization","name":"Andalusien entdecken","url":"https:\/\/www.andalusien-urlaub.eu\/blog\/","logo":{"@type":"ImageObject","inLanguage":"de","@id":"https:\/\/www.andalusien-urlaub.eu\/blog\/#\/schema\/logo\/image\/","url":"https:\/\/i2.wp.com\/www.andalusien-urlaub.eu\/blog\/wp-content\/uploads\/Logo_Final_PNG_kl.png?fit=300%2C127&ssl=1","contentUrl":"https:\/\/i2.wp.com\/www.andalusien-urlaub.eu\/blog\/wp-content\/uploads\/Logo_Final_PNG_kl.png?fit=300%2C127&ssl=1","width":300,"height":127,"caption":"Andalusien entdecken"},"image":{"@id":"https:\/\/www.andalusien-urlaub.eu\/blog\/#\/schema\/logo\/image\/"},"sameAs":["https:\/\/www.facebook.com\/abnachandalusien","https:\/\/x.com\/granadareisen"]},{"@type":"Person","@id":"https:\/\/www.andalusien-urlaub.eu\/blog\/#\/schema\/person\/264dc6c6323db2bd8f7206efd54d6b00","name":"J\u00fcrgen","image":{"@type":"ImageObject","inLanguage":"de","@id":"https:\/\/www.andalusien-urlaub.eu\/blog\/#\/schema\/person\/image\/","url":"https:\/\/secure.gravatar.com\/avatar\/4d994b0f3a6eb417aae9a837d0e606617f5fd7ba92f306bb2028b6b5fb9d3d07?s=96&r=g","contentUrl":"https:\/\/secure.gravatar.com\/avatar\/4d994b0f3a6eb417aae9a837d0e606617f5fd7ba92f306bb2028b6b5fb9d3d07?s=96&r=g","caption":"J\u00fcrgen"},"description":"Auf Entdeckungsreise in Andalusien - am liebsten mit meiner Kamera draussen in der Natur. Als Tour Guide organisiere ich private Ausfl\u00fcge, Wanderungen und Fotoexkurs\u00edonen in vielen Regionen Andalusiens.","sameAs":["https:\/\/juergenheitmann.com","https:\/\/www.facebook.com\/abnachandalusien\/"],"url":"https:\/\/www.andalusien-urlaub.eu\/blog\/author\/jamal\/"}]}},"jetpack_featured_media_url":"https:\/\/i0.wp.com\/www.andalusien-urlaub.eu\/blog\/wp-content\/uploads\/P1011700kl.jpg?fit=600%2C300&ssl=1","jetpack_shortlink":"https:\/\/wp.me\/p4SCDV-Qc","jetpack_sharing_enabled":true,"_links":{"self":[{"href":"https:\/\/www.andalusien-urlaub.eu\/blog\/wp-json\/wp\/v2\/posts\/3236","targetHints":{"allow":["GET"]}}],"collection":[{"href":"https:\/\/www.andalusien-urlaub.eu\/blog\/wp-json\/wp\/v2\/posts"}],"about":[{"href":"https:\/\/www.andalusien-urlaub.eu\/blog\/wp-json\/wp\/v2\/types\/post"}],"author":[{"embeddable":true,"href":"https:\/\/www.andalusien-urlaub.eu\/blog\/wp-json\/wp\/v2\/users\/1"}],"replies":[{"embeddable":true,"href":"https:\/\/www.andalusien-urlaub.eu\/blog\/wp-json\/wp\/v2\/comments?post=3236"}],"version-history":[{"count":0,"href":"https:\/\/www.andalusien-urlaub.eu\/blog\/wp-json\/wp\/v2\/posts\/3236\/revisions"}],"wp:featuredmedia":[{"embeddable":true,"href":"https:\/\/www.andalusien-urlaub.eu\/blog\/wp-json\/wp\/v2\/media\/3549"}],"wp:attachment":[{"href":"https:\/\/www.andalusien-urlaub.eu\/blog\/wp-json\/wp\/v2\/media?parent=3236"}],"wp:term":[{"taxonomy":"category","embeddable":true,"href":"https:\/\/www.andalusien-urlaub.eu\/blog\/wp-json\/wp\/v2\/categories?post=3236"},{"taxonomy":"post_tag","embeddable":true,"href":"https:\/\/www.andalusien-urlaub.eu\/blog\/wp-json\/wp\/v2\/tags?post=3236"}],"curies":[{"name":"wp","href":"https:\/\/api.w.org\/{rel}","templated":true}]}}