{"id":3908,"date":"2015-12-03T17:34:29","date_gmt":"2015-12-03T16:34:29","guid":{"rendered":"https:\/\/www.andalusien-urlaub.eu\/blog\/?p=3908"},"modified":"2020-04-29T10:37:47","modified_gmt":"2020-04-29T09:37:47","slug":"naturpark-cabo-de-gata","status":"publish","type":"post","link":"https:\/\/www.andalusien-urlaub.eu\/blog\/almeria\/naturpark-cabo-de-gata\/","title":{"rendered":"Naturpark Cabo de Gata"},"content":{"rendered":"<h2>Parque Natural\u00a0Cabo de Gata<\/h2>\r\n<p>Der Parque Natural\u00a0<strong>Cabo de Gata<\/strong> (Kap der Katze) ist ein ein 38.000 ha gro\u00dfer Naturpark im Osten von Almer\u00eda. Er ist einer der gr\u00f6\u00dften Naturparks im Mittelmeerraum.\u00a0Neben der W\u00fcste von Tabernas (ebenfalls Almer\u00eda) geh\u00f6rt der Naturpark zu den trockensten Regionen Europas. Die daraus resultierende Vegetation und die von den bauw\u00fctigen Spekulanten verschonte\u00a0Landschaft und K\u00fcste machen das Kap zu einem \u00e4u\u00dferst sehenswerten Reiseziel: F\u00fcr die Badeg\u00e4ste\u00a0gibt es zahlreiche Str\u00e4nde, von denen einige\u00a0nur zu Fu\u00df erreicht werden k\u00f6nnen, wie z.B. der Strand Playa de los Muertos, am n\u00f6rdlichen Ende des Reservats.<\/p>\r\n<div id=\"attachment_3931\" style=\"width: 810px\" class=\"wp-caption aligncenter\"><a href=\"https:\/\/i0.wp.com\/www.andalusien-urlaub.eu\/blog\/wp-content\/uploads\/PB130856.jpg?ssl=1\"><img data-recalc-dims=\"1\" loading=\"lazy\" decoding=\"async\" aria-describedby=\"caption-attachment-3931\" data-attachment-id=\"3931\" data-permalink=\"https:\/\/www.andalusien-urlaub.eu\/blog\/almeria\/naturpark-cabo-de-gata\/attachment\/andalusien-entdecken-8\/\" data-orig-file=\"https:\/\/i0.wp.com\/www.andalusien-urlaub.eu\/blog\/wp-content\/uploads\/PB130856.jpg?fit=800%2C600&amp;ssl=1\" data-orig-size=\"800,600\" data-comments-opened=\"1\" data-image-meta=\"{&quot;aperture&quot;:&quot;5.6&quot;,&quot;credit&quot;:&quot;juhe59foto&quot;,&quot;camera&quot;:&quot;E-M5MarkII&quot;,&quot;caption&quot;:&quot;Andalusien entdecken&quot;,&quot;created_timestamp&quot;:&quot;1447434202&quot;,&quot;copyright&quot;:&quot;Juergen Heitmann&quot;,&quot;focal_length&quot;:&quot;20&quot;,&quot;iso&quot;:&quot;200&quot;,&quot;shutter_speed&quot;:&quot;0.001&quot;,&quot;title&quot;:&quot;Andalusien entdecken&quot;,&quot;orientation&quot;:&quot;0&quot;}\" data-image-title=\"Palmen am Cabo de Gata\" data-image-description=\"\" data-image-caption=\"\" data-medium-file=\"https:\/\/i0.wp.com\/www.andalusien-urlaub.eu\/blog\/wp-content\/uploads\/PB130856.jpg?fit=347%2C260&amp;ssl=1\" data-large-file=\"https:\/\/i0.wp.com\/www.andalusien-urlaub.eu\/blog\/wp-content\/uploads\/PB130856.jpg?fit=500%2C375&amp;ssl=1\" class=\"wp-image-3931 size-full\" src=\"https:\/\/i0.wp.com\/www.andalusien-urlaub.eu\/blog\/wp-content\/uploads\/PB130856.jpg?resize=800%2C600&#038;ssl=1\" alt=\"Dattelpalmen\" width=\"800\" height=\"600\" srcset=\"https:\/\/i0.wp.com\/www.andalusien-urlaub.eu\/blog\/wp-content\/uploads\/PB130856.jpg?w=800&amp;ssl=1 800w, https:\/\/i0.wp.com\/www.andalusien-urlaub.eu\/blog\/wp-content\/uploads\/PB130856.jpg?resize=80%2C60&amp;ssl=1 80w, https:\/\/i0.wp.com\/www.andalusien-urlaub.eu\/blog\/wp-content\/uploads\/PB130856.jpg?resize=347%2C260&amp;ssl=1 347w, https:\/\/i0.wp.com\/www.andalusien-urlaub.eu\/blog\/wp-content\/uploads\/PB130856.jpg?resize=500%2C375&amp;ssl=1 500w, https:\/\/i0.wp.com\/www.andalusien-urlaub.eu\/blog\/wp-content\/uploads\/PB130856.jpg?resize=300%2C225&amp;ssl=1 300w\" sizes=\"auto, (max-width: 800px) 100vw, 800px\" \/><\/a><p id=\"caption-attachment-3931\" class=\"wp-caption-text\">Dattelpalmen am Strand El Playazo<\/p><\/div>\r\n<p>&nbsp;<\/p>\r\n<div id=\"attachment_4269\" style=\"width: 810px\" class=\"wp-caption aligncenter\"><img data-recalc-dims=\"1\" loading=\"lazy\" decoding=\"async\" aria-describedby=\"caption-attachment-4269\" data-attachment-id=\"4269\" data-permalink=\"https:\/\/www.andalusien-urlaub.eu\/blog\/almeria\/naturpark-cabo-de-gata\/attachment\/andalusien-entdecken-18\/\" data-orig-file=\"https:\/\/i0.wp.com\/www.andalusien-urlaub.eu\/blog\/wp-content\/uploads\/PB130696.jpg?fit=800%2C600&amp;ssl=1\" data-orig-size=\"800,600\" data-comments-opened=\"1\" data-image-meta=\"{&quot;aperture&quot;:&quot;5.6&quot;,&quot;credit&quot;:&quot;juhe59foto&quot;,&quot;camera&quot;:&quot;E-M5MarkII&quot;,&quot;caption&quot;:&quot;Andalusien entdecken&quot;,&quot;created_timestamp&quot;:&quot;1447401086&quot;,&quot;copyright&quot;:&quot;Juergen Heitmann&quot;,&quot;focal_length&quot;:&quot;17&quot;,&quot;iso&quot;:&quot;200&quot;,&quot;shutter_speed&quot;:&quot;0.003125&quot;,&quot;title&quot;:&quot;Andalusien entdecken&quot;,&quot;orientation&quot;:&quot;0&quot;}\" data-image-title=\"Andalusien entdecken\" data-image-description=\"\" data-image-caption=\"&lt;p&gt;Sonnenaufgang am Playa de los Genoveses&lt;\/p&gt;\n\" data-medium-file=\"https:\/\/i0.wp.com\/www.andalusien-urlaub.eu\/blog\/wp-content\/uploads\/PB130696.jpg?fit=347%2C260&amp;ssl=1\" data-large-file=\"https:\/\/i0.wp.com\/www.andalusien-urlaub.eu\/blog\/wp-content\/uploads\/PB130696.jpg?fit=500%2C375&amp;ssl=1\" class=\"size-full wp-image-4269\" src=\"https:\/\/i0.wp.com\/www.andalusien-urlaub.eu\/blog\/wp-content\/uploads\/PB130696.jpg?resize=800%2C600&#038;ssl=1\" alt=\"Cabo de Gata\" width=\"800\" height=\"600\" srcset=\"https:\/\/i0.wp.com\/www.andalusien-urlaub.eu\/blog\/wp-content\/uploads\/PB130696.jpg?w=800&amp;ssl=1 800w, https:\/\/i0.wp.com\/www.andalusien-urlaub.eu\/blog\/wp-content\/uploads\/PB130696.jpg?resize=80%2C60&amp;ssl=1 80w, https:\/\/i0.wp.com\/www.andalusien-urlaub.eu\/blog\/wp-content\/uploads\/PB130696.jpg?resize=347%2C260&amp;ssl=1 347w, https:\/\/i0.wp.com\/www.andalusien-urlaub.eu\/blog\/wp-content\/uploads\/PB130696.jpg?resize=768%2C576&amp;ssl=1 768w, https:\/\/i0.wp.com\/www.andalusien-urlaub.eu\/blog\/wp-content\/uploads\/PB130696.jpg?resize=500%2C375&amp;ssl=1 500w, https:\/\/i0.wp.com\/www.andalusien-urlaub.eu\/blog\/wp-content\/uploads\/PB130696.jpg?resize=300%2C225&amp;ssl=1 300w\" sizes=\"auto, (max-width: 800px) 100vw, 800px\" \/><p id=\"caption-attachment-4269\" class=\"wp-caption-text\">Sonnenaufgang am Playa de los Genoveses<\/p><\/div>\r\n<p>Aber auch der Aktivtourist, der das Kap zwischen Herbst und Fr\u00fchjahr bereist, kommt auf seine Kosten. Es gibt wundersch\u00f6ne\u00a0Routen, die zum Wandern oder\u00a0Mountainbiken einladen. Gerade in den Wintermonaten zieht es auch viele Naturfotografen (wie etwa mich) in die Region.\u00a0Und Wohnmobile &#8211; \u00fcberall standen Wohnmobile in allen Gr\u00f6\u00dfen, deren Besitzer scheinbar am Kap \u00fcberwintern.<\/p>\r\n<p>Gro\u00dfe Hotels sucht man hier jedoch vergeblich. Das gr\u00f6\u00dfte Angebot an \u00dcbernachtungsm\u00f6glichkeiten findet man in San Jos\u00e9, der gr\u00f6\u00dften Ortschaft der Region. Ich selbst war w\u00e4hrend meines viert\u00e4gigen Fotografieurlaubes im\u00a0<a href=\"http:\/\/www.booking.com\/hotel\/es\/de-naturaleza-rodalquilar.html?aid=857469\" target=\"_blank\" rel=\"nofollow noopener noreferrer\">Hotel de Naturaleza Rodalquilar &amp; Spa Cabo de Gata<\/a>\u00a0bei der kleinen Ortschaft Rodalquilar untergebracht, welches ich mit gutem Gewissen empfehlen kann.<\/p>\r\n<h2>Die Minen von Rodalquilar<\/h2>\r\n<p>In Rodalquilar befindet sich auch eine alte, verfallene Minenstadt. Bis in die Mitte der 1960er Jahre wurde hier u.a. nach Gold gegraben. Einige Geb\u00e4ude k\u00f6nnen aktuell noch betreten werden (absolute Vorsicht auf Grund von Einsturzgefahr ist geboten!), was die Ruinen gerade f\u00fcr Fotografen, die gerne &#8222;Lost Places&#8220; ablichten, interessant macht.<\/p>\r\n<div id=\"attachment_3920\" style=\"width: 810px\" class=\"wp-caption aligncenter\"><a href=\"https:\/\/i0.wp.com\/www.andalusien-urlaub.eu\/blog\/wp-content\/uploads\/PB120498.jpg?ssl=1\"><img data-recalc-dims=\"1\" loading=\"lazy\" decoding=\"async\" aria-describedby=\"caption-attachment-3920\" data-attachment-id=\"3920\" data-permalink=\"https:\/\/www.andalusien-urlaub.eu\/blog\/almeria\/naturpark-cabo-de-gata\/attachment\/andalusien-entdecken-5\/\" data-orig-file=\"https:\/\/i0.wp.com\/www.andalusien-urlaub.eu\/blog\/wp-content\/uploads\/PB120498.jpg?fit=800%2C600&amp;ssl=1\" data-orig-size=\"800,600\" data-comments-opened=\"1\" data-image-meta=\"{&quot;aperture&quot;:&quot;7.1&quot;,&quot;credit&quot;:&quot;juhe59foto&quot;,&quot;camera&quot;:&quot;E-M5MarkII&quot;,&quot;caption&quot;:&quot;Andalusien entdecken&quot;,&quot;created_timestamp&quot;:&quot;1447319236&quot;,&quot;copyright&quot;:&quot;Juergen Heitmann&quot;,&quot;focal_length&quot;:&quot;12&quot;,&quot;iso&quot;:&quot;200&quot;,&quot;shutter_speed&quot;:&quot;0.005&quot;,&quot;title&quot;:&quot;Andalusien entdecken&quot;,&quot;orientation&quot;:&quot;0&quot;}\" data-image-title=\"Die Minen von Rodalquilar\" data-image-description=\"\" data-image-caption=\"\" data-medium-file=\"https:\/\/i0.wp.com\/www.andalusien-urlaub.eu\/blog\/wp-content\/uploads\/PB120498.jpg?fit=347%2C260&amp;ssl=1\" data-large-file=\"https:\/\/i0.wp.com\/www.andalusien-urlaub.eu\/blog\/wp-content\/uploads\/PB120498.jpg?fit=500%2C375&amp;ssl=1\" class=\"wp-image-3920 size-full\" src=\"https:\/\/i0.wp.com\/www.andalusien-urlaub.eu\/blog\/wp-content\/uploads\/PB120498.jpg?resize=800%2C600&#038;ssl=1\" alt=\"minas de rodalquilar\" width=\"800\" height=\"600\" srcset=\"https:\/\/i0.wp.com\/www.andalusien-urlaub.eu\/blog\/wp-content\/uploads\/PB120498.jpg?w=800&amp;ssl=1 800w, https:\/\/i0.wp.com\/www.andalusien-urlaub.eu\/blog\/wp-content\/uploads\/PB120498.jpg?resize=80%2C60&amp;ssl=1 80w, https:\/\/i0.wp.com\/www.andalusien-urlaub.eu\/blog\/wp-content\/uploads\/PB120498.jpg?resize=347%2C260&amp;ssl=1 347w, https:\/\/i0.wp.com\/www.andalusien-urlaub.eu\/blog\/wp-content\/uploads\/PB120498.jpg?resize=500%2C375&amp;ssl=1 500w, https:\/\/i0.wp.com\/www.andalusien-urlaub.eu\/blog\/wp-content\/uploads\/PB120498.jpg?resize=300%2C225&amp;ssl=1 300w\" sizes=\"auto, (max-width: 800px) 100vw, 800px\" \/><\/a><p id=\"caption-attachment-3920\" class=\"wp-caption-text\">Die Minen bei Rodalquilar<\/p><\/div>\r\n<p>In einem Geb\u00e4ude befindet sich ein Interpretationszentrum, in dem man etwas \u00fcber die Geschichte der Minen erf\u00e4hrt. Auch gibt es ein Modell der Ortschaft Rodalquilar, wie sie zu ihrer Bl\u00fctezeit ausgesehen hat.<\/p>\r\n<h2>Der Cortijo del Fraile<\/h2>\r\n<p>Ein weiteres geschichtstr\u00e4chtiges Geb\u00e4ude ist der <strong>Cortijo del Fraile<\/strong>, welcher im Hinterland des Kaps liegt. Es ist eine Schanden, dass dieses alte Geh\u00f6ft dem Verfall \u00fcberlassen wird. Es handelt sich um einen typischen andalusischen\u00a0Bauernhof aus dem 18. Jahrhundert. Gebaut wurde das Geh\u00f6ft von Dominikaner-M\u00f6nchen, daher auch der Name (fraile = M\u00f6nch). Am 22. Juli 1928 fand hier das ber\u00fchmte Verbrechen\u00a0statt, welches\u00a0den Poeten und Schriftsteller\u00a0<a href=\"https:\/\/de.wikipedia.org\/wiki\/Federico_Garc%C3%ADa_Lorca\" target=\"_blank\" rel=\"nofollow noopener noreferrer\">Federico Garc\u00eda Lorca<\/a> zu seinem Werk &#8222;Bluthochzeit&#8220; (Bodas de Sangre, 1933) inspirierte.<\/p>\r\n<div id=\"attachment_3922\" style=\"width: 810px\" class=\"wp-caption aligncenter\"><a href=\"https:\/\/i0.wp.com\/www.andalusien-urlaub.eu\/blog\/wp-content\/uploads\/PB120554.jpg?ssl=1\"><img data-recalc-dims=\"1\" loading=\"lazy\" decoding=\"async\" aria-describedby=\"caption-attachment-3922\" data-attachment-id=\"3922\" data-permalink=\"https:\/\/www.andalusien-urlaub.eu\/blog\/almeria\/naturpark-cabo-de-gata\/attachment\/andalusien-entdecken-6\/\" data-orig-file=\"https:\/\/i0.wp.com\/www.andalusien-urlaub.eu\/blog\/wp-content\/uploads\/PB120554.jpg?fit=800%2C600&amp;ssl=1\" data-orig-size=\"800,600\" data-comments-opened=\"1\" data-image-meta=\"{&quot;aperture&quot;:&quot;4.5&quot;,&quot;credit&quot;:&quot;juhe59foto&quot;,&quot;camera&quot;:&quot;E-M5MarkII&quot;,&quot;caption&quot;:&quot;Andalusien entdecken&quot;,&quot;created_timestamp&quot;:&quot;1447326643&quot;,&quot;copyright&quot;:&quot;Juergen Heitmann&quot;,&quot;focal_length&quot;:&quot;14&quot;,&quot;iso&quot;:&quot;200&quot;,&quot;shutter_speed&quot;:&quot;0.0008&quot;,&quot;title&quot;:&quot;Andalusien entdecken&quot;,&quot;orientation&quot;:&quot;0&quot;}\" data-image-title=\"Cortijo del Fraile\" data-image-description=\"\" data-image-caption=\"&lt;p&gt;Andalusien entdecken&lt;\/p&gt;\n\" data-medium-file=\"https:\/\/i0.wp.com\/www.andalusien-urlaub.eu\/blog\/wp-content\/uploads\/PB120554.jpg?fit=347%2C260&amp;ssl=1\" data-large-file=\"https:\/\/i0.wp.com\/www.andalusien-urlaub.eu\/blog\/wp-content\/uploads\/PB120554.jpg?fit=500%2C375&amp;ssl=1\" class=\"wp-image-3922 size-full\" src=\"https:\/\/i0.wp.com\/www.andalusien-urlaub.eu\/blog\/wp-content\/uploads\/PB120554.jpg?resize=800%2C600&#038;ssl=1\" alt=\"cortijo del fraile\" width=\"800\" height=\"600\" srcset=\"https:\/\/i0.wp.com\/www.andalusien-urlaub.eu\/blog\/wp-content\/uploads\/PB120554.jpg?w=800&amp;ssl=1 800w, https:\/\/i0.wp.com\/www.andalusien-urlaub.eu\/blog\/wp-content\/uploads\/PB120554.jpg?resize=80%2C60&amp;ssl=1 80w, https:\/\/i0.wp.com\/www.andalusien-urlaub.eu\/blog\/wp-content\/uploads\/PB120554.jpg?resize=347%2C260&amp;ssl=1 347w, https:\/\/i0.wp.com\/www.andalusien-urlaub.eu\/blog\/wp-content\/uploads\/PB120554.jpg?resize=500%2C375&amp;ssl=1 500w, https:\/\/i0.wp.com\/www.andalusien-urlaub.eu\/blog\/wp-content\/uploads\/PB120554.jpg?resize=300%2C225&amp;ssl=1 300w\" sizes=\"auto, (max-width: 800px) 100vw, 800px\" \/><\/a><p id=\"caption-attachment-3922\" class=\"wp-caption-text\">Cortijo del Fraile<\/p><\/div>\r\n<p>In den 1960ern bis hinein in die 1980er Jahre wurde der Cortijo als Filmlocation, z.B. in einigen Spaghetti-Western von Sergio Leone (Zwei glorreiche Halunken, F\u00fcr ein paar Dollar mehr, Todesmelodie, &#8230;) genutzt. Man k\u00f6nnte fast sagen, Clint Eastwood war dort eine Zeit lang zu Hause. Mittlerweile erinnert nur noch eine Gedenktafel an diese glorreiche Vergangenheit.<\/p>\r\n<h2>La Isleta del Moro<\/h2>\r\n<p>Erw\u00e4hnenswert ist auch das kleine, ruhige\u00a0Fischer-D\u00f6rfchen\u00a0<strong>La Isleta<\/strong>.\u00a0Die Bucht mit ihrem kristallklaren Wasser ist ein beliebtes Revier von Tauchern. Da es k\u00fcrzlich erst geregnet hatte, war es au\u00dfergew\u00f6hnlich gr\u00fcn auf dem H\u00fcgel der kleinen Halbinsel, wie man auf dem Foto sehen kann. Das einzige Lokal, welches in dieser Jahreszeit unter der Woche ge\u00f6ffnet hatte, war das\u00a0Hostal Restaurante Isleta Del Moro. Es liegt direkt am Hafen, von wo aus man bei einem Gl\u00e4schen Wein den Fischern\u00a0bei ihrer Arbeit zusehen kann.<\/p>\r\n<div id=\"attachment_3941\" style=\"width: 810px\" class=\"wp-caption aligncenter\"><a href=\"https:\/\/i0.wp.com\/www.andalusien-urlaub.eu\/blog\/wp-content\/uploads\/PB130796.jpg?ssl=1\"><img data-recalc-dims=\"1\" loading=\"lazy\" decoding=\"async\" aria-describedby=\"caption-attachment-3941\" data-attachment-id=\"3941\" data-permalink=\"https:\/\/www.andalusien-urlaub.eu\/blog\/almeria\/naturpark-cabo-de-gata\/attachment\/andalusien-entdecken-12\/\" data-orig-file=\"https:\/\/i0.wp.com\/www.andalusien-urlaub.eu\/blog\/wp-content\/uploads\/PB130796.jpg?fit=800%2C600&amp;ssl=1\" data-orig-size=\"800,600\" data-comments-opened=\"1\" data-image-meta=\"{&quot;aperture&quot;:&quot;8&quot;,&quot;credit&quot;:&quot;juhe59foto&quot;,&quot;camera&quot;:&quot;E-M5MarkII&quot;,&quot;caption&quot;:&quot;Andalusien entdecken&quot;,&quot;created_timestamp&quot;:&quot;1447412736&quot;,&quot;copyright&quot;:&quot;Juergen Heitmann&quot;,&quot;focal_length&quot;:&quot;17&quot;,&quot;iso&quot;:&quot;200&quot;,&quot;shutter_speed&quot;:&quot;0.004&quot;,&quot;title&quot;:&quot;Andalusien entdecken&quot;,&quot;orientation&quot;:&quot;0&quot;}\" data-image-title=\"La Isleta del Moro\" data-image-description=\"&lt;p&gt;La Isleta del Moro, Cabo de Gata&lt;\/p&gt;\n\" data-image-caption=\"\" data-medium-file=\"https:\/\/i0.wp.com\/www.andalusien-urlaub.eu\/blog\/wp-content\/uploads\/PB130796.jpg?fit=347%2C260&amp;ssl=1\" data-large-file=\"https:\/\/i0.wp.com\/www.andalusien-urlaub.eu\/blog\/wp-content\/uploads\/PB130796.jpg?fit=500%2C375&amp;ssl=1\" class=\"wp-image-3941 size-full\" src=\"https:\/\/i0.wp.com\/www.andalusien-urlaub.eu\/blog\/wp-content\/uploads\/PB130796.jpg?resize=800%2C600&#038;ssl=1\" alt=\"la isleta\" width=\"800\" height=\"600\" srcset=\"https:\/\/i0.wp.com\/www.andalusien-urlaub.eu\/blog\/wp-content\/uploads\/PB130796.jpg?w=800&amp;ssl=1 800w, https:\/\/i0.wp.com\/www.andalusien-urlaub.eu\/blog\/wp-content\/uploads\/PB130796.jpg?resize=80%2C60&amp;ssl=1 80w, https:\/\/i0.wp.com\/www.andalusien-urlaub.eu\/blog\/wp-content\/uploads\/PB130796.jpg?resize=347%2C260&amp;ssl=1 347w, https:\/\/i0.wp.com\/www.andalusien-urlaub.eu\/blog\/wp-content\/uploads\/PB130796.jpg?resize=500%2C375&amp;ssl=1 500w, https:\/\/i0.wp.com\/www.andalusien-urlaub.eu\/blog\/wp-content\/uploads\/PB130796.jpg?resize=300%2C225&amp;ssl=1 300w\" sizes=\"auto, (max-width: 800px) 100vw, 800px\" \/><\/a><p id=\"caption-attachment-3941\" class=\"wp-caption-text\">La Isleta del Moro<\/p><\/div>\r\n<h2>Der Leuchtturm vom Kap<\/h2>\r\n<p>Ebenfalls sehenswert ist der Leuchtturm vom Kap. Ein Ort, der gerne zum Sonnenuntergang frequentiert wird.<\/p>\r\n<div id=\"attachment_3936\" style=\"width: 810px\" class=\"wp-caption aligncenter\"><a href=\"https:\/\/i0.wp.com\/www.andalusien-urlaub.eu\/blog\/wp-content\/uploads\/PB110438.jpg?ssl=1\"><img data-recalc-dims=\"1\" loading=\"lazy\" decoding=\"async\" aria-describedby=\"caption-attachment-3936\" data-attachment-id=\"3936\" data-permalink=\"https:\/\/www.andalusien-urlaub.eu\/blog\/almeria\/naturpark-cabo-de-gata\/attachment\/andalusien-entdecken-10\/\" data-orig-file=\"https:\/\/i0.wp.com\/www.andalusien-urlaub.eu\/blog\/wp-content\/uploads\/PB110438.jpg?fit=800%2C600&amp;ssl=1\" data-orig-size=\"800,600\" data-comments-opened=\"1\" data-image-meta=\"{&quot;aperture&quot;:&quot;2.8&quot;,&quot;credit&quot;:&quot;juhe59foto&quot;,&quot;camera&quot;:&quot;E-M5MarkII&quot;,&quot;caption&quot;:&quot;Andalusien entdecken&quot;,&quot;created_timestamp&quot;:&quot;1447268705&quot;,&quot;copyright&quot;:&quot;Juergen Heitmann&quot;,&quot;focal_length&quot;:&quot;14&quot;,&quot;iso&quot;:&quot;200&quot;,&quot;shutter_speed&quot;:&quot;20&quot;,&quot;title&quot;:&quot;Andalusien entdecken&quot;,&quot;orientation&quot;:&quot;0&quot;}\" data-image-title=\"Leuchtturm\" data-image-description=\"\" data-image-caption=\"\" data-medium-file=\"https:\/\/i0.wp.com\/www.andalusien-urlaub.eu\/blog\/wp-content\/uploads\/PB110438.jpg?fit=347%2C260&amp;ssl=1\" data-large-file=\"https:\/\/i0.wp.com\/www.andalusien-urlaub.eu\/blog\/wp-content\/uploads\/PB110438.jpg?fit=500%2C375&amp;ssl=1\" class=\"wp-image-3936 size-full\" src=\"https:\/\/i0.wp.com\/www.andalusien-urlaub.eu\/blog\/wp-content\/uploads\/PB110438.jpg?resize=800%2C600&#038;ssl=1\" alt=\"faro de cabo de gata\" width=\"800\" height=\"600\" srcset=\"https:\/\/i0.wp.com\/www.andalusien-urlaub.eu\/blog\/wp-content\/uploads\/PB110438.jpg?w=800&amp;ssl=1 800w, https:\/\/i0.wp.com\/www.andalusien-urlaub.eu\/blog\/wp-content\/uploads\/PB110438.jpg?resize=80%2C60&amp;ssl=1 80w, https:\/\/i0.wp.com\/www.andalusien-urlaub.eu\/blog\/wp-content\/uploads\/PB110438.jpg?resize=347%2C260&amp;ssl=1 347w, https:\/\/i0.wp.com\/www.andalusien-urlaub.eu\/blog\/wp-content\/uploads\/PB110438.jpg?resize=500%2C375&amp;ssl=1 500w, https:\/\/i0.wp.com\/www.andalusien-urlaub.eu\/blog\/wp-content\/uploads\/PB110438.jpg?resize=300%2C225&amp;ssl=1 300w\" sizes=\"auto, (max-width: 800px) 100vw, 800px\" \/><\/a><p id=\"caption-attachment-3936\" class=\"wp-caption-text\">Leuchtturm Faro de Cabo de Gata<\/p><\/div>\r\n<p>Gleich neben dem Leuchtturm befindet sich das viel fotografierte <strong>Arrecife de las Sirenas<\/strong> (Sirenen-Riff, siehe Blogbeitrag <a href=\"https:\/\/fototouren.eu\/blog\/category\/fotolocations\/\">Fotolocations in Andalusien<\/a>), neben weiteren felsigen Buchten.<\/p>\r\n<div id=\"attachment_4256\" style=\"width: 810px\" class=\"wp-caption aligncenter\"><img data-recalc-dims=\"1\" loading=\"lazy\" decoding=\"async\" aria-describedby=\"caption-attachment-4256\" data-attachment-id=\"4256\" data-permalink=\"https:\/\/www.andalusien-urlaub.eu\/blog\/allgemein\/meine-schoensten-fotos-2015\/attachment\/arecife-de-las-sirenas\/\" data-orig-file=\"https:\/\/i0.wp.com\/www.andalusien-urlaub.eu\/blog\/wp-content\/uploads\/PB120639.jpg?fit=800%2C600&amp;ssl=1\" data-orig-size=\"800,600\" data-comments-opened=\"1\" data-image-meta=\"{&quot;aperture&quot;:&quot;8&quot;,&quot;credit&quot;:&quot;juhe59foto&quot;,&quot;camera&quot;:&quot;E-M5MarkII&quot;,&quot;caption&quot;:&quot;Andalusien entdecken&quot;,&quot;created_timestamp&quot;:&quot;1447348658&quot;,&quot;copyright&quot;:&quot;Juergen Heitmann&quot;,&quot;focal_length&quot;:&quot;14&quot;,&quot;iso&quot;:&quot;200&quot;,&quot;shutter_speed&quot;:&quot;2&quot;,&quot;title&quot;:&quot;Arecife de las Sirenas&quot;,&quot;orientation&quot;:&quot;0&quot;}\" data-image-title=\"Arecife de las Sirenas\" data-image-description=\"\" data-image-caption=\"&lt;p&gt;Das Sirenen Riff&lt;\/p&gt;\n\" data-medium-file=\"https:\/\/i0.wp.com\/www.andalusien-urlaub.eu\/blog\/wp-content\/uploads\/PB120639.jpg?fit=347%2C260&amp;ssl=1\" data-large-file=\"https:\/\/i0.wp.com\/www.andalusien-urlaub.eu\/blog\/wp-content\/uploads\/PB120639.jpg?fit=500%2C375&amp;ssl=1\" class=\"wp-image-4256 size-full\" src=\"https:\/\/i0.wp.com\/www.andalusien-urlaub.eu\/blog\/wp-content\/uploads\/PB120639.jpg?resize=800%2C600&#038;ssl=1\" alt=\"Andalusien entdecken\" width=\"800\" height=\"600\" srcset=\"https:\/\/i0.wp.com\/www.andalusien-urlaub.eu\/blog\/wp-content\/uploads\/PB120639.jpg?w=800&amp;ssl=1 800w, https:\/\/i0.wp.com\/www.andalusien-urlaub.eu\/blog\/wp-content\/uploads\/PB120639.jpg?resize=80%2C60&amp;ssl=1 80w, https:\/\/i0.wp.com\/www.andalusien-urlaub.eu\/blog\/wp-content\/uploads\/PB120639.jpg?resize=347%2C260&amp;ssl=1 347w, https:\/\/i0.wp.com\/www.andalusien-urlaub.eu\/blog\/wp-content\/uploads\/PB120639.jpg?resize=768%2C576&amp;ssl=1 768w, https:\/\/i0.wp.com\/www.andalusien-urlaub.eu\/blog\/wp-content\/uploads\/PB120639.jpg?resize=500%2C375&amp;ssl=1 500w, https:\/\/i0.wp.com\/www.andalusien-urlaub.eu\/blog\/wp-content\/uploads\/PB120639.jpg?resize=300%2C225&amp;ssl=1 300w\" sizes=\"auto, (max-width: 800px) 100vw, 800px\" \/><p id=\"caption-attachment-4256\" class=\"wp-caption-text\">Das Sirenen Riff<\/p><\/div>\r\n<p><a href=\"https:\/\/i0.wp.com\/www.andalusien-urlaub.eu\/blog\/wp-content\/uploads\/PB120653.jpg?ssl=1\"><img data-recalc-dims=\"1\" loading=\"lazy\" decoding=\"async\" data-attachment-id=\"3939\" data-permalink=\"https:\/\/www.andalusien-urlaub.eu\/blog\/almeria\/naturpark-cabo-de-gata\/attachment\/andalusien-entdecken-11\/\" data-orig-file=\"https:\/\/i0.wp.com\/www.andalusien-urlaub.eu\/blog\/wp-content\/uploads\/PB120653.jpg?fit=800%2C600&amp;ssl=1\" data-orig-size=\"800,600\" data-comments-opened=\"1\" data-image-meta=\"{&quot;aperture&quot;:&quot;8&quot;,&quot;credit&quot;:&quot;juhe59foto&quot;,&quot;camera&quot;:&quot;E-M5MarkII&quot;,&quot;caption&quot;:&quot;Andalusien entdecken&quot;,&quot;created_timestamp&quot;:&quot;1447350655&quot;,&quot;copyright&quot;:&quot;Juergen Heitmann&quot;,&quot;focal_length&quot;:&quot;19&quot;,&quot;iso&quot;:&quot;200&quot;,&quot;shutter_speed&quot;:&quot;0.033333333333333&quot;,&quot;title&quot;:&quot;Andalusien entdecken&quot;,&quot;orientation&quot;:&quot;0&quot;}\" data-image-title=\"Cala de las Sirenas\" data-image-description=\"\" data-image-caption=\"\" data-medium-file=\"https:\/\/i0.wp.com\/www.andalusien-urlaub.eu\/blog\/wp-content\/uploads\/PB120653.jpg?fit=347%2C260&amp;ssl=1\" data-large-file=\"https:\/\/i0.wp.com\/www.andalusien-urlaub.eu\/blog\/wp-content\/uploads\/PB120653.jpg?fit=500%2C375&amp;ssl=1\" class=\"aligncenter size-full wp-image-3939\" src=\"https:\/\/i0.wp.com\/www.andalusien-urlaub.eu\/blog\/wp-content\/uploads\/PB120653.jpg?resize=800%2C600&#038;ssl=1\" alt=\"Cabo de Gata\" width=\"800\" height=\"600\" srcset=\"https:\/\/i0.wp.com\/www.andalusien-urlaub.eu\/blog\/wp-content\/uploads\/PB120653.jpg?w=800&amp;ssl=1 800w, https:\/\/i0.wp.com\/www.andalusien-urlaub.eu\/blog\/wp-content\/uploads\/PB120653.jpg?resize=80%2C60&amp;ssl=1 80w, https:\/\/i0.wp.com\/www.andalusien-urlaub.eu\/blog\/wp-content\/uploads\/PB120653.jpg?resize=347%2C260&amp;ssl=1 347w, https:\/\/i0.wp.com\/www.andalusien-urlaub.eu\/blog\/wp-content\/uploads\/PB120653.jpg?resize=500%2C375&amp;ssl=1 500w, https:\/\/i0.wp.com\/www.andalusien-urlaub.eu\/blog\/wp-content\/uploads\/PB120653.jpg?resize=300%2C225&amp;ssl=1 300w\" sizes=\"auto, (max-width: 800px) 100vw, 800px\" \/><\/a><\/p>\r\n<h2>Mein Fazit<\/h2>\r\n<p>Der Naturpark Cabo de Gata, gelegen in der \u00f6stlichsten Provinz Andalusiens, ist das ideale Reiseziel f\u00fcr Urlauber, die dem Massentourismus entfliehen m\u00f6chten:\u00a0Sauberes Meer, lange Sandstr\u00e4nde oder abgelegenen Felsbuchten, kleine Ortschaften mit kleinen Hotels und Pensionen, geringe Regenwahrscheinlichkeit, &#8230; Was will man mehr. Meine liebste Reisezeit zum Kap liegt zwischen Ende Oktober bis Anfang April.<\/p>\r\n<p>Man mu\u00df aber auch schauen, wie man dort hin gelangt. Das Angebot an Fl\u00fcgen nach Almer\u00eda ist l\u00e4ngst nicht so gro\u00df wie das nach M\u00e1laga. Auch liegt das Kap weit ab von den typischen Routen der Andalusien-Rundreisen. Mich schreckt das allerdings nicht ab, ich komme wieder.<\/p>\r\n<p><iframe loading=\"lazy\" style=\"border: 0;\" src=\"https:\/\/www.google.com\/maps\/embed?pb=!1m14!1m8!1m3!1d171773.40397016905!2d-2.1592568133973002!3d36.87159687506497!3m2!1i1024!2i768!4f13.1!3m3!1m2!1s0x0%3A0x8fbe81285757287f!2sParque+Natural+Cabo+de+Gata-N%C3%ADjar!5e0!3m2!1sde!2ses!4v1449149950471\" width=\"800\" height=\"600\" frameborder=\"0\" allowfullscreen=\"allowfullscreen\"><\/iframe><\/p>\n","protected":false},"excerpt":{"rendered":"<p>Parque Natural\u00a0Cabo de Gata Der Parque Natural\u00a0Cabo de Gata (Kap der Katze) ist ein ein 38.000 ha gro\u00dfer Naturpark im Osten von Almer\u00eda. Er ist einer der gr\u00f6\u00dften Naturparks im Mittelmeerraum.\u00a0Neben der W\u00fcste von Tabernas (ebenfalls Almer\u00eda) geh\u00f6rt der Naturpark zu den trockensten Regionen Europas. Die daraus resultierende Vegetation und die von den bauw\u00fctigen Spekulanten [&hellip;]<\/p>\n","protected":false},"author":1,"featured_media":5802,"comment_status":"open","ping_status":"closed","sticky":false,"template":"","format":"standard","meta":{"jetpack_post_was_ever_published":false,"_jetpack_newsletter_access":"","_jetpack_dont_email_post_to_subs":false,"_jetpack_newsletter_tier_id":0,"_jetpack_memberships_contains_paywalled_content":false,"_jetpack_memberships_contains_paid_content":false,"footnotes":""},"categories":[199],"tags":[202,200,201],"class_list":["post-3908","post","type-post","status-publish","format-standard","has-post-thumbnail","hentry","category-almeria","tag-arrecife-de-las-sirenas","tag-cabo-de-gata","tag-cortijo-del-fraile"],"yoast_head":"<!-- This site is optimized with the Yoast SEO plugin v27.0 - https:\/\/yoast.com\/product\/yoast-seo-wordpress\/ -->\n<title>Naturpark Cabo de Gata - Andalusien entdecken<\/title>\n<meta name=\"description\" content=\"Der Parque Natural\u00a0Cabo de Gata\u00a0(Kap der Katze) ist ein ein 38.000 ha gro\u00dfer Naturpark im Osten von Almer\u00eda.\" \/>\n<meta name=\"robots\" content=\"index, follow, max-snippet:-1, max-image-preview:large, max-video-preview:-1\" \/>\n<link rel=\"canonical\" href=\"https:\/\/www.andalusien-urlaub.eu\/blog\/almeria\/naturpark-cabo-de-gata\/\" \/>\n<meta property=\"og:locale\" content=\"de_DE\" \/>\n<meta property=\"og:type\" content=\"article\" \/>\n<meta property=\"og:title\" content=\"Naturpark Cabo de Gata - Andalusien entdecken\" \/>\n<meta property=\"og:description\" content=\"Der Parque Natural\u00a0Cabo de Gata\u00a0(Kap der Katze) ist ein ein 38.000 ha gro\u00dfer Naturpark im Osten von Almer\u00eda.\" \/>\n<meta property=\"og:url\" content=\"https:\/\/www.andalusien-urlaub.eu\/blog\/almeria\/naturpark-cabo-de-gata\/\" \/>\n<meta property=\"og:site_name\" content=\"Andalusien entdecken\" \/>\n<meta property=\"article:publisher\" content=\"https:\/\/www.facebook.com\/abnachandalusien\" \/>\n<meta property=\"article:author\" content=\"https:\/\/www.facebook.com\/abnachandalusien\/\" \/>\n<meta property=\"article:published_time\" content=\"2015-12-03T16:34:29+00:00\" \/>\n<meta property=\"article:modified_time\" content=\"2020-04-29T09:37:47+00:00\" \/>\n<meta property=\"og:image\" content=\"https:\/\/i0.wp.com\/www.andalusien-urlaub.eu\/blog\/wp-content\/uploads\/PB130670-Editar.jpg?fit=1024%2C683&ssl=1\" \/>\n\t<meta property=\"og:image:width\" content=\"1024\" \/>\n\t<meta property=\"og:image:height\" content=\"683\" \/>\n\t<meta property=\"og:image:type\" content=\"image\/jpeg\" \/>\n<meta name=\"author\" content=\"J\u00fcrgen\" \/>\n<meta name=\"twitter:card\" content=\"summary_large_image\" \/>\n<meta name=\"twitter:creator\" content=\"@granadareisen\" \/>\n<meta name=\"twitter:site\" content=\"@granadareisen\" \/>\n<meta name=\"twitter:label1\" content=\"Verfasst von\" \/>\n\t<meta name=\"twitter:data1\" content=\"J\u00fcrgen\" \/>\n\t<meta name=\"twitter:label2\" content=\"Gesch\u00e4tzte Lesezeit\" \/>\n\t<meta name=\"twitter:data2\" content=\"4\u00a0Minuten\" \/>\n<script type=\"application\/ld+json\" class=\"yoast-schema-graph\">{\"@context\":\"https:\/\/schema.org\",\"@graph\":[{\"@type\":\"Article\",\"@id\":\"https:\/\/www.andalusien-urlaub.eu\/blog\/almeria\/naturpark-cabo-de-gata\/#article\",\"isPartOf\":{\"@id\":\"https:\/\/www.andalusien-urlaub.eu\/blog\/almeria\/naturpark-cabo-de-gata\/\"},\"author\":{\"name\":\"J\u00fcrgen\",\"@id\":\"https:\/\/www.andalusien-urlaub.eu\/blog\/#\/schema\/person\/264dc6c6323db2bd8f7206efd54d6b00\"},\"headline\":\"Naturpark Cabo de Gata\",\"datePublished\":\"2015-12-03T16:34:29+00:00\",\"dateModified\":\"2020-04-29T09:37:47+00:00\",\"mainEntityOfPage\":{\"@id\":\"https:\/\/www.andalusien-urlaub.eu\/blog\/almeria\/naturpark-cabo-de-gata\/\"},\"wordCount\":798,\"commentCount\":0,\"publisher\":{\"@id\":\"https:\/\/www.andalusien-urlaub.eu\/blog\/#organization\"},\"image\":{\"@id\":\"https:\/\/www.andalusien-urlaub.eu\/blog\/almeria\/naturpark-cabo-de-gata\/#primaryimage\"},\"thumbnailUrl\":\"https:\/\/i0.wp.com\/www.andalusien-urlaub.eu\/blog\/wp-content\/uploads\/PB130670-Editar.jpg?fit=1024%2C683&ssl=1\",\"keywords\":[\"Arrecife de las Sirenas\",\"Cabo de Gata\",\"Cortijo del Fraile\"],\"articleSection\":[\"Almer\u00eda\"],\"inLanguage\":\"de\",\"potentialAction\":[{\"@type\":\"CommentAction\",\"name\":\"Comment\",\"target\":[\"https:\/\/www.andalusien-urlaub.eu\/blog\/almeria\/naturpark-cabo-de-gata\/#respond\"]}]},{\"@type\":\"WebPage\",\"@id\":\"https:\/\/www.andalusien-urlaub.eu\/blog\/almeria\/naturpark-cabo-de-gata\/\",\"url\":\"https:\/\/www.andalusien-urlaub.eu\/blog\/almeria\/naturpark-cabo-de-gata\/\",\"name\":\"Naturpark Cabo de Gata - Andalusien entdecken\",\"isPartOf\":{\"@id\":\"https:\/\/www.andalusien-urlaub.eu\/blog\/#website\"},\"primaryImageOfPage\":{\"@id\":\"https:\/\/www.andalusien-urlaub.eu\/blog\/almeria\/naturpark-cabo-de-gata\/#primaryimage\"},\"image\":{\"@id\":\"https:\/\/www.andalusien-urlaub.eu\/blog\/almeria\/naturpark-cabo-de-gata\/#primaryimage\"},\"thumbnailUrl\":\"https:\/\/i0.wp.com\/www.andalusien-urlaub.eu\/blog\/wp-content\/uploads\/PB130670-Editar.jpg?fit=1024%2C683&ssl=1\",\"datePublished\":\"2015-12-03T16:34:29+00:00\",\"dateModified\":\"2020-04-29T09:37:47+00:00\",\"description\":\"Der Parque Natural\u00a0Cabo de Gata\u00a0(Kap der Katze) ist ein ein 38.000 ha gro\u00dfer Naturpark im Osten von Almer\u00eda.\",\"breadcrumb\":{\"@id\":\"https:\/\/www.andalusien-urlaub.eu\/blog\/almeria\/naturpark-cabo-de-gata\/#breadcrumb\"},\"inLanguage\":\"de\",\"potentialAction\":[{\"@type\":\"ReadAction\",\"target\":[\"https:\/\/www.andalusien-urlaub.eu\/blog\/almeria\/naturpark-cabo-de-gata\/\"]}]},{\"@type\":\"ImageObject\",\"inLanguage\":\"de\",\"@id\":\"https:\/\/www.andalusien-urlaub.eu\/blog\/almeria\/naturpark-cabo-de-gata\/#primaryimage\",\"url\":\"https:\/\/i0.wp.com\/www.andalusien-urlaub.eu\/blog\/wp-content\/uploads\/PB130670-Editar.jpg?fit=1024%2C683&ssl=1\",\"contentUrl\":\"https:\/\/i0.wp.com\/www.andalusien-urlaub.eu\/blog\/wp-content\/uploads\/PB130670-Editar.jpg?fit=1024%2C683&ssl=1\",\"width\":1024,\"height\":683},{\"@type\":\"BreadcrumbList\",\"@id\":\"https:\/\/www.andalusien-urlaub.eu\/blog\/almeria\/naturpark-cabo-de-gata\/#breadcrumb\",\"itemListElement\":[{\"@type\":\"ListItem\",\"position\":1,\"name\":\"Home\",\"item\":\"https:\/\/www.andalusien-urlaub.eu\/blog\/homepage\/\"},{\"@type\":\"ListItem\",\"position\":2,\"name\":\"Almer\u00eda\",\"item\":\"https:\/\/www.andalusien-urlaub.eu\/blog\/category\/almeria\/\"},{\"@type\":\"ListItem\",\"position\":3,\"name\":\"Naturpark Cabo de Gata\"}]},{\"@type\":\"WebSite\",\"@id\":\"https:\/\/www.andalusien-urlaub.eu\/blog\/#website\",\"url\":\"https:\/\/www.andalusien-urlaub.eu\/blog\/\",\"name\":\"Andalusien entdecken\",\"description\":\"Auf Entdeckungsreise in Andalusien\",\"publisher\":{\"@id\":\"https:\/\/www.andalusien-urlaub.eu\/blog\/#organization\"},\"potentialAction\":[{\"@type\":\"SearchAction\",\"target\":{\"@type\":\"EntryPoint\",\"urlTemplate\":\"https:\/\/www.andalusien-urlaub.eu\/blog\/?s={search_term_string}\"},\"query-input\":{\"@type\":\"PropertyValueSpecification\",\"valueRequired\":true,\"valueName\":\"search_term_string\"}}],\"inLanguage\":\"de\"},{\"@type\":\"Organization\",\"@id\":\"https:\/\/www.andalusien-urlaub.eu\/blog\/#organization\",\"name\":\"Andalusien entdecken\",\"url\":\"https:\/\/www.andalusien-urlaub.eu\/blog\/\",\"logo\":{\"@type\":\"ImageObject\",\"inLanguage\":\"de\",\"@id\":\"https:\/\/www.andalusien-urlaub.eu\/blog\/#\/schema\/logo\/image\/\",\"url\":\"https:\/\/i2.wp.com\/www.andalusien-urlaub.eu\/blog\/wp-content\/uploads\/Logo_Final_PNG_kl.png?fit=300%2C127&ssl=1\",\"contentUrl\":\"https:\/\/i2.wp.com\/www.andalusien-urlaub.eu\/blog\/wp-content\/uploads\/Logo_Final_PNG_kl.png?fit=300%2C127&ssl=1\",\"width\":300,\"height\":127,\"caption\":\"Andalusien entdecken\"},\"image\":{\"@id\":\"https:\/\/www.andalusien-urlaub.eu\/blog\/#\/schema\/logo\/image\/\"},\"sameAs\":[\"https:\/\/www.facebook.com\/abnachandalusien\",\"https:\/\/x.com\/granadareisen\"]},{\"@type\":\"Person\",\"@id\":\"https:\/\/www.andalusien-urlaub.eu\/blog\/#\/schema\/person\/264dc6c6323db2bd8f7206efd54d6b00\",\"name\":\"J\u00fcrgen\",\"image\":{\"@type\":\"ImageObject\",\"inLanguage\":\"de\",\"@id\":\"https:\/\/www.andalusien-urlaub.eu\/blog\/#\/schema\/person\/image\/\",\"url\":\"https:\/\/secure.gravatar.com\/avatar\/4d994b0f3a6eb417aae9a837d0e606617f5fd7ba92f306bb2028b6b5fb9d3d07?s=96&r=g\",\"contentUrl\":\"https:\/\/secure.gravatar.com\/avatar\/4d994b0f3a6eb417aae9a837d0e606617f5fd7ba92f306bb2028b6b5fb9d3d07?s=96&r=g\",\"caption\":\"J\u00fcrgen\"},\"description\":\"Auf Entdeckungsreise in Andalusien - am liebsten mit meiner Kamera draussen in der Natur. Als Tour Guide organisiere ich private Ausfl\u00fcge, Wanderungen und Fotoexkurs\u00edonen in vielen Regionen Andalusiens.\",\"sameAs\":[\"https:\/\/juergenheitmann.com\",\"https:\/\/www.facebook.com\/abnachandalusien\/\"],\"url\":\"https:\/\/www.andalusien-urlaub.eu\/blog\/author\/jamal\/\"}]}<\/script>\n<!-- \/ Yoast SEO plugin. -->","yoast_head_json":{"title":"Naturpark Cabo de Gata - Andalusien entdecken","description":"Der Parque Natural\u00a0Cabo de Gata\u00a0(Kap der Katze) ist ein ein 38.000 ha gro\u00dfer Naturpark im Osten von Almer\u00eda.","robots":{"index":"index","follow":"follow","max-snippet":"max-snippet:-1","max-image-preview":"max-image-preview:large","max-video-preview":"max-video-preview:-1"},"canonical":"https:\/\/www.andalusien-urlaub.eu\/blog\/almeria\/naturpark-cabo-de-gata\/","og_locale":"de_DE","og_type":"article","og_title":"Naturpark Cabo de Gata - Andalusien entdecken","og_description":"Der Parque Natural\u00a0Cabo de Gata\u00a0(Kap der Katze) ist ein ein 38.000 ha gro\u00dfer Naturpark im Osten von Almer\u00eda.","og_url":"https:\/\/www.andalusien-urlaub.eu\/blog\/almeria\/naturpark-cabo-de-gata\/","og_site_name":"Andalusien entdecken","article_publisher":"https:\/\/www.facebook.com\/abnachandalusien","article_author":"https:\/\/www.facebook.com\/abnachandalusien\/","article_published_time":"2015-12-03T16:34:29+00:00","article_modified_time":"2020-04-29T09:37:47+00:00","og_image":[{"width":1024,"height":683,"url":"https:\/\/i0.wp.com\/www.andalusien-urlaub.eu\/blog\/wp-content\/uploads\/PB130670-Editar.jpg?fit=1024%2C683&ssl=1","type":"image\/jpeg"}],"author":"J\u00fcrgen","twitter_card":"summary_large_image","twitter_creator":"@granadareisen","twitter_site":"@granadareisen","twitter_misc":{"Verfasst von":"J\u00fcrgen","Gesch\u00e4tzte Lesezeit":"4\u00a0Minuten"},"schema":{"@context":"https:\/\/schema.org","@graph":[{"@type":"Article","@id":"https:\/\/www.andalusien-urlaub.eu\/blog\/almeria\/naturpark-cabo-de-gata\/#article","isPartOf":{"@id":"https:\/\/www.andalusien-urlaub.eu\/blog\/almeria\/naturpark-cabo-de-gata\/"},"author":{"name":"J\u00fcrgen","@id":"https:\/\/www.andalusien-urlaub.eu\/blog\/#\/schema\/person\/264dc6c6323db2bd8f7206efd54d6b00"},"headline":"Naturpark Cabo de Gata","datePublished":"2015-12-03T16:34:29+00:00","dateModified":"2020-04-29T09:37:47+00:00","mainEntityOfPage":{"@id":"https:\/\/www.andalusien-urlaub.eu\/blog\/almeria\/naturpark-cabo-de-gata\/"},"wordCount":798,"commentCount":0,"publisher":{"@id":"https:\/\/www.andalusien-urlaub.eu\/blog\/#organization"},"image":{"@id":"https:\/\/www.andalusien-urlaub.eu\/blog\/almeria\/naturpark-cabo-de-gata\/#primaryimage"},"thumbnailUrl":"https:\/\/i0.wp.com\/www.andalusien-urlaub.eu\/blog\/wp-content\/uploads\/PB130670-Editar.jpg?fit=1024%2C683&ssl=1","keywords":["Arrecife de las Sirenas","Cabo de Gata","Cortijo del Fraile"],"articleSection":["Almer\u00eda"],"inLanguage":"de","potentialAction":[{"@type":"CommentAction","name":"Comment","target":["https:\/\/www.andalusien-urlaub.eu\/blog\/almeria\/naturpark-cabo-de-gata\/#respond"]}]},{"@type":"WebPage","@id":"https:\/\/www.andalusien-urlaub.eu\/blog\/almeria\/naturpark-cabo-de-gata\/","url":"https:\/\/www.andalusien-urlaub.eu\/blog\/almeria\/naturpark-cabo-de-gata\/","name":"Naturpark Cabo de Gata - Andalusien entdecken","isPartOf":{"@id":"https:\/\/www.andalusien-urlaub.eu\/blog\/#website"},"primaryImageOfPage":{"@id":"https:\/\/www.andalusien-urlaub.eu\/blog\/almeria\/naturpark-cabo-de-gata\/#primaryimage"},"image":{"@id":"https:\/\/www.andalusien-urlaub.eu\/blog\/almeria\/naturpark-cabo-de-gata\/#primaryimage"},"thumbnailUrl":"https:\/\/i0.wp.com\/www.andalusien-urlaub.eu\/blog\/wp-content\/uploads\/PB130670-Editar.jpg?fit=1024%2C683&ssl=1","datePublished":"2015-12-03T16:34:29+00:00","dateModified":"2020-04-29T09:37:47+00:00","description":"Der Parque Natural\u00a0Cabo de Gata\u00a0(Kap der Katze) ist ein ein 38.000 ha gro\u00dfer Naturpark im Osten von Almer\u00eda.","breadcrumb":{"@id":"https:\/\/www.andalusien-urlaub.eu\/blog\/almeria\/naturpark-cabo-de-gata\/#breadcrumb"},"inLanguage":"de","potentialAction":[{"@type":"ReadAction","target":["https:\/\/www.andalusien-urlaub.eu\/blog\/almeria\/naturpark-cabo-de-gata\/"]}]},{"@type":"ImageObject","inLanguage":"de","@id":"https:\/\/www.andalusien-urlaub.eu\/blog\/almeria\/naturpark-cabo-de-gata\/#primaryimage","url":"https:\/\/i0.wp.com\/www.andalusien-urlaub.eu\/blog\/wp-content\/uploads\/PB130670-Editar.jpg?fit=1024%2C683&ssl=1","contentUrl":"https:\/\/i0.wp.com\/www.andalusien-urlaub.eu\/blog\/wp-content\/uploads\/PB130670-Editar.jpg?fit=1024%2C683&ssl=1","width":1024,"height":683},{"@type":"BreadcrumbList","@id":"https:\/\/www.andalusien-urlaub.eu\/blog\/almeria\/naturpark-cabo-de-gata\/#breadcrumb","itemListElement":[{"@type":"ListItem","position":1,"name":"Home","item":"https:\/\/www.andalusien-urlaub.eu\/blog\/homepage\/"},{"@type":"ListItem","position":2,"name":"Almer\u00eda","item":"https:\/\/www.andalusien-urlaub.eu\/blog\/category\/almeria\/"},{"@type":"ListItem","position":3,"name":"Naturpark Cabo de Gata"}]},{"@type":"WebSite","@id":"https:\/\/www.andalusien-urlaub.eu\/blog\/#website","url":"https:\/\/www.andalusien-urlaub.eu\/blog\/","name":"Andalusien entdecken","description":"Auf Entdeckungsreise in Andalusien","publisher":{"@id":"https:\/\/www.andalusien-urlaub.eu\/blog\/#organization"},"potentialAction":[{"@type":"SearchAction","target":{"@type":"EntryPoint","urlTemplate":"https:\/\/www.andalusien-urlaub.eu\/blog\/?s={search_term_string}"},"query-input":{"@type":"PropertyValueSpecification","valueRequired":true,"valueName":"search_term_string"}}],"inLanguage":"de"},{"@type":"Organization","@id":"https:\/\/www.andalusien-urlaub.eu\/blog\/#organization","name":"Andalusien entdecken","url":"https:\/\/www.andalusien-urlaub.eu\/blog\/","logo":{"@type":"ImageObject","inLanguage":"de","@id":"https:\/\/www.andalusien-urlaub.eu\/blog\/#\/schema\/logo\/image\/","url":"https:\/\/i2.wp.com\/www.andalusien-urlaub.eu\/blog\/wp-content\/uploads\/Logo_Final_PNG_kl.png?fit=300%2C127&ssl=1","contentUrl":"https:\/\/i2.wp.com\/www.andalusien-urlaub.eu\/blog\/wp-content\/uploads\/Logo_Final_PNG_kl.png?fit=300%2C127&ssl=1","width":300,"height":127,"caption":"Andalusien entdecken"},"image":{"@id":"https:\/\/www.andalusien-urlaub.eu\/blog\/#\/schema\/logo\/image\/"},"sameAs":["https:\/\/www.facebook.com\/abnachandalusien","https:\/\/x.com\/granadareisen"]},{"@type":"Person","@id":"https:\/\/www.andalusien-urlaub.eu\/blog\/#\/schema\/person\/264dc6c6323db2bd8f7206efd54d6b00","name":"J\u00fcrgen","image":{"@type":"ImageObject","inLanguage":"de","@id":"https:\/\/www.andalusien-urlaub.eu\/blog\/#\/schema\/person\/image\/","url":"https:\/\/secure.gravatar.com\/avatar\/4d994b0f3a6eb417aae9a837d0e606617f5fd7ba92f306bb2028b6b5fb9d3d07?s=96&r=g","contentUrl":"https:\/\/secure.gravatar.com\/avatar\/4d994b0f3a6eb417aae9a837d0e606617f5fd7ba92f306bb2028b6b5fb9d3d07?s=96&r=g","caption":"J\u00fcrgen"},"description":"Auf Entdeckungsreise in Andalusien - am liebsten mit meiner Kamera draussen in der Natur. Als Tour Guide organisiere ich private Ausfl\u00fcge, Wanderungen und Fotoexkurs\u00edonen in vielen Regionen Andalusiens.","sameAs":["https:\/\/juergenheitmann.com","https:\/\/www.facebook.com\/abnachandalusien\/"],"url":"https:\/\/www.andalusien-urlaub.eu\/blog\/author\/jamal\/"}]}},"jetpack_featured_media_url":"https:\/\/i0.wp.com\/www.andalusien-urlaub.eu\/blog\/wp-content\/uploads\/PB130670-Editar.jpg?fit=1024%2C683&ssl=1","jetpack_shortlink":"https:\/\/wp.me\/p4SCDV-112","jetpack_sharing_enabled":true,"_links":{"self":[{"href":"https:\/\/www.andalusien-urlaub.eu\/blog\/wp-json\/wp\/v2\/posts\/3908","targetHints":{"allow":["GET"]}}],"collection":[{"href":"https:\/\/www.andalusien-urlaub.eu\/blog\/wp-json\/wp\/v2\/posts"}],"about":[{"href":"https:\/\/www.andalusien-urlaub.eu\/blog\/wp-json\/wp\/v2\/types\/post"}],"author":[{"embeddable":true,"href":"https:\/\/www.andalusien-urlaub.eu\/blog\/wp-json\/wp\/v2\/users\/1"}],"replies":[{"embeddable":true,"href":"https:\/\/www.andalusien-urlaub.eu\/blog\/wp-json\/wp\/v2\/comments?post=3908"}],"version-history":[{"count":4,"href":"https:\/\/www.andalusien-urlaub.eu\/blog\/wp-json\/wp\/v2\/posts\/3908\/revisions"}],"predecessor-version":[{"id":5801,"href":"https:\/\/www.andalusien-urlaub.eu\/blog\/wp-json\/wp\/v2\/posts\/3908\/revisions\/5801"}],"wp:featuredmedia":[{"embeddable":true,"href":"https:\/\/www.andalusien-urlaub.eu\/blog\/wp-json\/wp\/v2\/media\/5802"}],"wp:attachment":[{"href":"https:\/\/www.andalusien-urlaub.eu\/blog\/wp-json\/wp\/v2\/media?parent=3908"}],"wp:term":[{"taxonomy":"category","embeddable":true,"href":"https:\/\/www.andalusien-urlaub.eu\/blog\/wp-json\/wp\/v2\/categories?post=3908"},{"taxonomy":"post_tag","embeddable":true,"href":"https:\/\/www.andalusien-urlaub.eu\/blog\/wp-json\/wp\/v2\/tags?post=3908"}],"curies":[{"name":"wp","href":"https:\/\/api.w.org\/{rel}","templated":true}]}}