{"id":4408,"date":"2016-08-22T20:17:12","date_gmt":"2016-08-22T19:17:12","guid":{"rendered":"https:\/\/www.andalusien-urlaub.eu\/blog\/?p=4408"},"modified":"2016-08-26T13:36:39","modified_gmt":"2016-08-26T12:36:39","slug":"neues-vom-alten-castillo-und-vom-pico-reales","status":"publish","type":"post","link":"https:\/\/www.andalusien-urlaub.eu\/blog\/cadiz\/neues-vom-alten-castillo-und-vom-pico-reales\/","title":{"rendered":"Neues vom alten Castillo &#8211; und vom Pico Reales"},"content":{"rendered":"<p>Hier also die angek\u00fcndigte Fortsetzung der Geschichte aus meinem letzten <a href=\"https:\/\/www.andalusien-urlaub.eu\/blog\/cadiz\/spannendes-rund-um-die-burg-castillo-de-castellar-erst-kamen-das-wasser-und-die-politik-dann-die-kuenstler-und-der-tourismus\/\">Artikel<\/a> \u00fcber Castellar de la Frontera und sein Castillo de Castellar. Denn neulich war ich in der Gegend unterwegs. Von der K\u00fcste aus hinauf zum Hausberg Esteponas, dem Pico Reales, und die R\u00fcckseite hinunter ins K\u00fcnstlerdorf Genalguacil, so die Idee. Es blies jedoch recht st\u00fcrmisch und kontinuierlich vom Meer landeinw\u00e4rts. Bei sonst sonnigem Himmel bildeten sich am Gipfel des Pico Reales in fast 1.500 m H\u00f6he permanent und im fliegenden Wechsel Wolken. Der Berg trug also Sturmfrisur. Ich lie\u00df ihn daher links (bzw. rechts) liegen. Und beschloss stattdessen beim ums Eck liegenden Castellar in der Provinz C\u00e1diz vorbeizuschauen. Schlie\u00dflich gab&#8217;s da ja noch etwas zu erz\u00e4hlen.<\/p>\n<div id=\"attachment_4425\" style=\"width: 810px\" class=\"wp-caption aligncenter\"><img data-recalc-dims=\"1\" loading=\"lazy\" decoding=\"async\" aria-describedby=\"caption-attachment-4425\" data-attachment-id=\"4425\" data-permalink=\"https:\/\/www.andalusien-urlaub.eu\/blog\/cadiz\/neues-vom-alten-castillo-und-vom-pico-reales\/attachment\/castillo_3\/\" data-orig-file=\"https:\/\/i0.wp.com\/www.andalusien-urlaub.eu\/blog\/wp-content\/uploads\/Castillo_3.jpg?fit=800%2C450&amp;ssl=1\" data-orig-size=\"800,450\" data-comments-opened=\"1\" data-image-meta=\"{&quot;aperture&quot;:&quot;2&quot;,&quot;credit&quot;:&quot;&quot;,&quot;camera&quot;:&quot;Lumia 640 XL LTE Dual SIM&quot;,&quot;caption&quot;:&quot;&quot;,&quot;created_timestamp&quot;:&quot;1470586527&quot;,&quot;copyright&quot;:&quot;&quot;,&quot;focal_length&quot;:&quot;3.78&quot;,&quot;iso&quot;:&quot;64&quot;,&quot;shutter_speed&quot;:&quot;0.000894&quot;,&quot;title&quot;:&quot;&quot;,&quot;orientation&quot;:&quot;1&quot;}\" data-image-title=\"Castillo_1\" data-image-description=\"&lt;p&gt;Die Bergfeste &amp;#8211; von ferne majest\u00e4tisch&amp;#8230;&lt;\/p&gt;\n\" data-image-caption=\"\" data-medium-file=\"https:\/\/i0.wp.com\/www.andalusien-urlaub.eu\/blog\/wp-content\/uploads\/Castillo_3.jpg?fit=390%2C219&amp;ssl=1\" data-large-file=\"https:\/\/i0.wp.com\/www.andalusien-urlaub.eu\/blog\/wp-content\/uploads\/Castillo_3.jpg?fit=500%2C281&amp;ssl=1\" class=\"wp-image-4425 size-full\" src=\"https:\/\/i0.wp.com\/www.andalusien-urlaub.eu\/blog\/wp-content\/uploads\/Castillo_3.jpg?resize=800%2C450&#038;ssl=1\" alt=\"Castillo_3\" width=\"800\" height=\"450\" srcset=\"https:\/\/i0.wp.com\/www.andalusien-urlaub.eu\/blog\/wp-content\/uploads\/Castillo_3.jpg?w=800&amp;ssl=1 800w, https:\/\/i0.wp.com\/www.andalusien-urlaub.eu\/blog\/wp-content\/uploads\/Castillo_3.jpg?resize=90%2C51&amp;ssl=1 90w, https:\/\/i0.wp.com\/www.andalusien-urlaub.eu\/blog\/wp-content\/uploads\/Castillo_3.jpg?resize=390%2C219&amp;ssl=1 390w, https:\/\/i0.wp.com\/www.andalusien-urlaub.eu\/blog\/wp-content\/uploads\/Castillo_3.jpg?resize=768%2C432&amp;ssl=1 768w, https:\/\/i0.wp.com\/www.andalusien-urlaub.eu\/blog\/wp-content\/uploads\/Castillo_3.jpg?resize=500%2C281&amp;ssl=1 500w, https:\/\/i0.wp.com\/www.andalusien-urlaub.eu\/blog\/wp-content\/uploads\/Castillo_3.jpg?resize=300%2C169&amp;ssl=1 300w\" sizes=\"auto, (max-width: 800px) 100vw, 800px\" \/><p id=\"caption-attachment-4425\" class=\"wp-caption-text\">Die Bergfeste &#8211; von fern majest\u00e4tisch &#8230;<\/p><\/div>\n<p>Selbstverst\u00e4ndlich war ich seit dem letzten Bericht schon einige Male wieder dort gewesen. Nur hatte ich jedesmal anderes im Sinn, und war immer nur &#8218;auf einen kurzen Sprung&#8216; dort. Diesmal also mit der n\u00f6tigen Zeit, und wieder zum &#8218;Mitschreiben&#8216;.<\/p>\n<p>Was also gibt es Neues im alten Castillo de Castellar? Nichts! Alles wie gehabt &#8211; und aus dem Bilderbuch. Die letzten Kilometer dorthin durch den Naturpark Los Alcornocales, verwunschen. Die mittelalterliche Burgfeste samt G\u00e4\u00dfchen, pittoresk. Das Panorama, ohne Worte. Der altr\u00f6mische Wanderpfad zur Venta am Flu\u00df, wildromantisch wie eh und je. Friedlich d\u00f6sende Katzen im Ge\u00e4st, auch das!<\/p>\n<p style=\"text-align: left;\">Das war&#8217;s? Alles schon gesehen, und bereits als sehensw\u00fcrdigst befunden und <a href=\"https:\/\/www.andalusien-urlaub.eu\/blog\/cadiz\/spannendes-rund-um-die-burg-castillo-de-castellar-erst-kamen-das-wasser-und-die-politik-dann-die-kuenstler-und-der-tourismus\/\">beschrieben<\/a>. Zu erz\u00e4hlen gibt&#8217;s also nur, dass es nichts neues zu erz\u00e4hlen gibt?<\/p>\n<div id=\"attachment_4424\" style=\"width: 810px\" class=\"wp-caption aligncenter\"><img data-recalc-dims=\"1\" loading=\"lazy\" decoding=\"async\" aria-describedby=\"caption-attachment-4424\" data-attachment-id=\"4424\" data-permalink=\"https:\/\/www.andalusien-urlaub.eu\/blog\/cadiz\/neues-vom-alten-castillo-und-vom-pico-reales\/attachment\/castillo_2\/\" data-orig-file=\"https:\/\/i0.wp.com\/www.andalusien-urlaub.eu\/blog\/wp-content\/uploads\/Castillo_2.jpg?fit=800%2C450&amp;ssl=1\" data-orig-size=\"800,450\" data-comments-opened=\"1\" data-image-meta=\"{&quot;aperture&quot;:&quot;2&quot;,&quot;credit&quot;:&quot;&quot;,&quot;camera&quot;:&quot;Lumia 640 XL LTE Dual SIM&quot;,&quot;caption&quot;:&quot;&quot;,&quot;created_timestamp&quot;:&quot;1470581003&quot;,&quot;copyright&quot;:&quot;&quot;,&quot;focal_length&quot;:&quot;3.78&quot;,&quot;iso&quot;:&quot;64&quot;,&quot;shutter_speed&quot;:&quot;0.000535&quot;,&quot;title&quot;:&quot;&quot;,&quot;orientation&quot;:&quot;1&quot;}\" data-image-title=\"Castillo_2\" data-image-description=\"\" data-image-caption=\"&lt;p&gt;&amp;#8230; von innen wei\u00dfes Dorf mit Aussicht&amp;#8230;&lt;\/p&gt;\n\" data-medium-file=\"https:\/\/i0.wp.com\/www.andalusien-urlaub.eu\/blog\/wp-content\/uploads\/Castillo_2.jpg?fit=390%2C219&amp;ssl=1\" data-large-file=\"https:\/\/i0.wp.com\/www.andalusien-urlaub.eu\/blog\/wp-content\/uploads\/Castillo_2.jpg?fit=500%2C281&amp;ssl=1\" class=\"wp-image-4424 size-full\" src=\"https:\/\/i0.wp.com\/www.andalusien-urlaub.eu\/blog\/wp-content\/uploads\/Castillo_2.jpg?resize=800%2C450&#038;ssl=1\" alt=\"Castillo_2\" width=\"800\" height=\"450\" srcset=\"https:\/\/i0.wp.com\/www.andalusien-urlaub.eu\/blog\/wp-content\/uploads\/Castillo_2.jpg?w=800&amp;ssl=1 800w, https:\/\/i0.wp.com\/www.andalusien-urlaub.eu\/blog\/wp-content\/uploads\/Castillo_2.jpg?resize=90%2C51&amp;ssl=1 90w, https:\/\/i0.wp.com\/www.andalusien-urlaub.eu\/blog\/wp-content\/uploads\/Castillo_2.jpg?resize=390%2C219&amp;ssl=1 390w, https:\/\/i0.wp.com\/www.andalusien-urlaub.eu\/blog\/wp-content\/uploads\/Castillo_2.jpg?resize=768%2C432&amp;ssl=1 768w, https:\/\/i0.wp.com\/www.andalusien-urlaub.eu\/blog\/wp-content\/uploads\/Castillo_2.jpg?resize=500%2C281&amp;ssl=1 500w, https:\/\/i0.wp.com\/www.andalusien-urlaub.eu\/blog\/wp-content\/uploads\/Castillo_2.jpg?resize=300%2C169&amp;ssl=1 300w\" sizes=\"auto, (max-width: 800px) 100vw, 800px\" \/><p id=\"caption-attachment-4424\" class=\"wp-caption-text\">&#8230; von innen wei\u00dfes Dorf mit Aussicht &#8230;<\/p><\/div>\n<p style=\"text-align: left;\">Fast. Wie war das mit den Pl\u00e4nen f\u00fcr die Burg? F\u00fcr einen Parador ebendort? Und mit den Pl\u00e4nen f\u00fcr die Konkursmasse aus dem seinerzeitig gigantischen Wirtschafts- und Politkrimi, der gigantischen Finca La Almoraima? F\u00fcr die es keine bzw. viele Pl\u00e4ne gab?<\/p>\n<p style=\"text-align: left;\">2009 hatte sich hier wie dort etwas getan, und aufgetan, n\u00e4mlich jeweils ein Hotel. Und jeweils nach entsprechend verschlungenen Kl\u00e4rungen der Kompetenzen und Eigentumsrechte zwischen den beteiligten staatlichen Ebenen: die Provinz C\u00e1diz, die Autonome Region Andalusien und das K\u00f6nigreich Spanien.<\/p>\n<p style=\"text-align: left;\">Kurzum: Die Provinz C\u00e1diz selbst betreibt mittlerweile zus\u00e4tzlich zu den schon vorhandenen Casas Rurales auch ein Hotel direkt in der Burg. Der spanische Staat kam hier also mit seiner Parador-Hotelkette nicht zum Zuge. Statt eines weiteren Aush\u00e4ngeschildes ganz Spaniens in Form eines neuen Paradores, nun also &#8217;nur&#8216; ein weiteres Aush\u00e4ngeschild der Provinz C\u00e1diz und ihrer eigenen Hotelkette TUGASA &#8211; und entsprechend eine &#8218;Nummer kleiner&#8216;, doch immerhin gleichsam als &#8218;paradorw\u00fcrdig&#8216; geadelt.<\/p>\n<div id=\"attachment_4426\" style=\"width: 810px\" class=\"wp-caption aligncenter\"><img data-recalc-dims=\"1\" loading=\"lazy\" decoding=\"async\" aria-describedby=\"caption-attachment-4426\" data-attachment-id=\"4426\" data-permalink=\"https:\/\/www.andalusien-urlaub.eu\/blog\/cadiz\/neues-vom-alten-castillo-und-vom-pico-reales\/attachment\/gato\/\" data-orig-file=\"https:\/\/i0.wp.com\/www.andalusien-urlaub.eu\/blog\/wp-content\/uploads\/Gato.jpg?fit=800%2C450&amp;ssl=1\" data-orig-size=\"800,450\" data-comments-opened=\"1\" data-image-meta=\"{&quot;aperture&quot;:&quot;2&quot;,&quot;credit&quot;:&quot;&quot;,&quot;camera&quot;:&quot;Lumia 640 XL LTE Dual SIM&quot;,&quot;caption&quot;:&quot;&quot;,&quot;created_timestamp&quot;:&quot;1470583379&quot;,&quot;copyright&quot;:&quot;&quot;,&quot;focal_length&quot;:&quot;3.78&quot;,&quot;iso&quot;:&quot;64&quot;,&quot;shutter_speed&quot;:&quot;0.001705&quot;,&quot;title&quot;:&quot;&quot;,&quot;orientation&quot;:&quot;1&quot;}\" data-image-title=\"Gato\" data-image-description=\"&lt;p&gt;&amp;#8230; und mit schlummernden Katzen im Ge\u00e4st.&lt;\/p&gt;\n\" data-image-caption=\"\" data-medium-file=\"https:\/\/i0.wp.com\/www.andalusien-urlaub.eu\/blog\/wp-content\/uploads\/Gato.jpg?fit=390%2C219&amp;ssl=1\" data-large-file=\"https:\/\/i0.wp.com\/www.andalusien-urlaub.eu\/blog\/wp-content\/uploads\/Gato.jpg?fit=500%2C281&amp;ssl=1\" class=\"wp-image-4426 size-full\" src=\"https:\/\/i0.wp.com\/www.andalusien-urlaub.eu\/blog\/wp-content\/uploads\/Gato.jpg?resize=800%2C450&#038;ssl=1\" alt=\"Gato\" width=\"800\" height=\"450\" srcset=\"https:\/\/i0.wp.com\/www.andalusien-urlaub.eu\/blog\/wp-content\/uploads\/Gato.jpg?w=800&amp;ssl=1 800w, https:\/\/i0.wp.com\/www.andalusien-urlaub.eu\/blog\/wp-content\/uploads\/Gato.jpg?resize=90%2C51&amp;ssl=1 90w, https:\/\/i0.wp.com\/www.andalusien-urlaub.eu\/blog\/wp-content\/uploads\/Gato.jpg?resize=390%2C219&amp;ssl=1 390w, https:\/\/i0.wp.com\/www.andalusien-urlaub.eu\/blog\/wp-content\/uploads\/Gato.jpg?resize=768%2C432&amp;ssl=1 768w, https:\/\/i0.wp.com\/www.andalusien-urlaub.eu\/blog\/wp-content\/uploads\/Gato.jpg?resize=500%2C281&amp;ssl=1 500w, https:\/\/i0.wp.com\/www.andalusien-urlaub.eu\/blog\/wp-content\/uploads\/Gato.jpg?resize=300%2C169&amp;ssl=1 300w\" sizes=\"auto, (max-width: 800px) 100vw, 800px\" \/><p id=\"caption-attachment-4426\" class=\"wp-caption-text\">&#8230; und d\u00f6senden Katzen im Ge\u00e4st.<\/p><\/div>\n<p style=\"text-align: left;\">Paradorw\u00fcrdig ist auch die Lage und Anlage des Hotels La Almoraima. Mehr als das. Schlie\u00dflich bieten sich hier tats\u00e4chlich dem spanischen Staat alle M\u00f6glichkeiten, und damit theoretisch auch seiner Parador-Kette. Denn als Teil der Konkursmasse im Zuge der damaligen Verstaatlichung des bankrottgegangenen Konglomerats RUMASA ist seitdem weiterhin der spanische Staat Eigent\u00fcmer des riesigen Anwesens Finca La Almoraima. Alle Pl\u00e4ne der Regionalregierung Andalusiens, zumindest mit von der Partie bei diesem Prachtgrundst\u00fcck und seiner Nutzung zu sein, liefen ins Leere.<\/p>\n<p style=\"text-align: left;\">Das Hotel La Almoraima selbst befindet sich in einer restaurierten ehemaligen Klosteranlage aus dem 17. Jahrhundert, ist entsprechend exklusiv und wird vielleicht doch noch eines Tages &#8211; ein Parador. Ich werde berichten.<\/p>\n<p style=\"text-align: left;\">Auf dem Weg zur\u00fcck war \u00fcbrigens die dichte Wolkenfahne rund um den Gipfel des Pico Reales verschwunden. Also kurzentschlossen abgebogen und dem Gipfel entgegen. Der Wind blies weiterhin, und weiterhin landeinw\u00e4rts. Die Sturmfrisur war also nur kurzzeitg weggeblasen und legte sich w\u00e4hrend meiner Fahrt nach oben wieder neu und dauerhaft um den Gipfel. Was soll&#8217;s. Weiter hinauf, und statt des spektakul\u00e4ren Aus- und \u00dcberblicks aus gut 1.5 km H\u00f6he (wie aus einem Flieger beim gem\u00e4chlichen Sinkflug) dann wenigstens das sausende Wolkenspektakel aus n\u00e4chster und nebliger N\u00e4he.<\/p>\n<div id=\"attachment_4428\" style=\"width: 810px\" class=\"wp-caption aligncenter\"><img data-recalc-dims=\"1\" loading=\"lazy\" decoding=\"async\" aria-describedby=\"caption-attachment-4428\" data-attachment-id=\"4428\" data-permalink=\"https:\/\/www.andalusien-urlaub.eu\/blog\/cadiz\/neues-vom-alten-castillo-und-vom-pico-reales\/attachment\/picoreales_1\/\" data-orig-file=\"https:\/\/i0.wp.com\/www.andalusien-urlaub.eu\/blog\/wp-content\/uploads\/PicoReales_1.jpg?fit=800%2C450&amp;ssl=1\" data-orig-size=\"800,450\" data-comments-opened=\"1\" data-image-meta=\"{&quot;aperture&quot;:&quot;2&quot;,&quot;credit&quot;:&quot;&quot;,&quot;camera&quot;:&quot;Lumia 640 XL LTE Dual SIM&quot;,&quot;caption&quot;:&quot;&quot;,&quot;created_timestamp&quot;:&quot;1470593535&quot;,&quot;copyright&quot;:&quot;&quot;,&quot;focal_length&quot;:&quot;3.78&quot;,&quot;iso&quot;:&quot;64&quot;,&quot;shutter_speed&quot;:&quot;0.001875&quot;,&quot;title&quot;:&quot;&quot;,&quot;orientation&quot;:&quot;1&quot;}\" data-image-title=\"PicoReales_1\" data-image-description=\"\" data-image-caption=\"&lt;p&gt;&amp;#8230; und am Gipfel in fast 1.500 m H\u00f6he.&lt;\/p&gt;\n\" data-medium-file=\"https:\/\/i0.wp.com\/www.andalusien-urlaub.eu\/blog\/wp-content\/uploads\/PicoReales_1.jpg?fit=390%2C219&amp;ssl=1\" data-large-file=\"https:\/\/i0.wp.com\/www.andalusien-urlaub.eu\/blog\/wp-content\/uploads\/PicoReales_1.jpg?fit=500%2C281&amp;ssl=1\" class=\"wp-image-4428 size-full\" src=\"https:\/\/i0.wp.com\/www.andalusien-urlaub.eu\/blog\/wp-content\/uploads\/PicoReales_1.jpg?resize=800%2C450&#038;ssl=1\" alt=\"PicoReales_1\" width=\"800\" height=\"450\" srcset=\"https:\/\/i0.wp.com\/www.andalusien-urlaub.eu\/blog\/wp-content\/uploads\/PicoReales_1.jpg?w=800&amp;ssl=1 800w, https:\/\/i0.wp.com\/www.andalusien-urlaub.eu\/blog\/wp-content\/uploads\/PicoReales_1.jpg?resize=90%2C51&amp;ssl=1 90w, https:\/\/i0.wp.com\/www.andalusien-urlaub.eu\/blog\/wp-content\/uploads\/PicoReales_1.jpg?resize=390%2C219&amp;ssl=1 390w, https:\/\/i0.wp.com\/www.andalusien-urlaub.eu\/blog\/wp-content\/uploads\/PicoReales_1.jpg?resize=768%2C432&amp;ssl=1 768w, https:\/\/i0.wp.com\/www.andalusien-urlaub.eu\/blog\/wp-content\/uploads\/PicoReales_1.jpg?resize=500%2C281&amp;ssl=1 500w, https:\/\/i0.wp.com\/www.andalusien-urlaub.eu\/blog\/wp-content\/uploads\/PicoReales_1.jpg?resize=300%2C169&amp;ssl=1 300w\" sizes=\"auto, (max-width: 800px) 100vw, 800px\" \/><p id=\"caption-attachment-4428\" class=\"wp-caption-text\">Wolkenschauspiel \u2013 am Gipfel des Pico Reales \u2026<\/p><\/div>\n<p style=\"text-align: left;\">Und, sieh an, auch dort, soweit ich tats\u00e4chlich sehen konnte, auch alles (fast) wie immer: Beeindruckende einzigartige Natur und Berglandschaft, einige wenige Picknick-Ausfl\u00fcgler an den Tischen im Freien und in der Bergh\u00fctte (ein Teil der H\u00fctte wird jetzt sporadisch als Bar\/Restaurant betrieben), vereinzelte Wanderer auf den Gipfelpfaden, eine Familie iberischer Steinb\u00f6cke beim gem\u00fctlichen \u00c4sen zwischen den B\u00e4umen und Felsen und Wolken (daher kein Foto)&#8230;<\/p>\n<div id=\"attachment_4430\" style=\"width: 810px\" class=\"wp-caption aligncenter\"><img data-recalc-dims=\"1\" loading=\"lazy\" decoding=\"async\" aria-describedby=\"caption-attachment-4430\" data-attachment-id=\"4430\" data-permalink=\"https:\/\/www.andalusien-urlaub.eu\/blog\/cadiz\/neues-vom-alten-castillo-und-vom-pico-reales\/attachment\/picoreales_3\/\" data-orig-file=\"https:\/\/i0.wp.com\/www.andalusien-urlaub.eu\/blog\/wp-content\/uploads\/PicoReales_3.jpg?fit=800%2C1422&amp;ssl=1\" data-orig-size=\"800,1422\" data-comments-opened=\"1\" data-image-meta=\"{&quot;aperture&quot;:&quot;2&quot;,&quot;credit&quot;:&quot;&quot;,&quot;camera&quot;:&quot;Lumia 640 XL LTE Dual SIM&quot;,&quot;caption&quot;:&quot;&quot;,&quot;created_timestamp&quot;:&quot;1470596972&quot;,&quot;copyright&quot;:&quot;&quot;,&quot;focal_length&quot;:&quot;3.78&quot;,&quot;iso&quot;:&quot;64&quot;,&quot;shutter_speed&quot;:&quot;0.000749&quot;,&quot;title&quot;:&quot;&quot;,&quot;orientation&quot;:&quot;6&quot;}\" data-image-title=\"PicoReales_2\" data-image-description=\"\" data-image-caption=\"&lt;p&gt;Wokenschauspiel &amp;#8211; auf dem Weg zum Pico Reales &amp;#8230;&lt;\/p&gt;\n\" data-medium-file=\"https:\/\/i0.wp.com\/www.andalusien-urlaub.eu\/blog\/wp-content\/uploads\/PicoReales_3.jpg?fit=146%2C260&amp;ssl=1\" data-large-file=\"https:\/\/i0.wp.com\/www.andalusien-urlaub.eu\/blog\/wp-content\/uploads\/PicoReales_3.jpg?fit=281%2C500&amp;ssl=1\" class=\"size-full wp-image-4430\" src=\"https:\/\/i0.wp.com\/www.andalusien-urlaub.eu\/blog\/wp-content\/uploads\/PicoReales_3.jpg?resize=800%2C1422&#038;ssl=1\" alt=\"PicoReales_2\" width=\"800\" height=\"1422\" srcset=\"https:\/\/i0.wp.com\/www.andalusien-urlaub.eu\/blog\/wp-content\/uploads\/PicoReales_3.jpg?w=800&amp;ssl=1 800w, https:\/\/i0.wp.com\/www.andalusien-urlaub.eu\/blog\/wp-content\/uploads\/PicoReales_3.jpg?resize=34%2C60&amp;ssl=1 34w, https:\/\/i0.wp.com\/www.andalusien-urlaub.eu\/blog\/wp-content\/uploads\/PicoReales_3.jpg?resize=146%2C260&amp;ssl=1 146w, https:\/\/i0.wp.com\/www.andalusien-urlaub.eu\/blog\/wp-content\/uploads\/PicoReales_3.jpg?resize=768%2C1365&amp;ssl=1 768w, https:\/\/i0.wp.com\/www.andalusien-urlaub.eu\/blog\/wp-content\/uploads\/PicoReales_3.jpg?resize=281%2C500&amp;ssl=1 281w, https:\/\/i0.wp.com\/www.andalusien-urlaub.eu\/blog\/wp-content\/uploads\/PicoReales_3.jpg?resize=300%2C533&amp;ssl=1 300w\" sizes=\"auto, (max-width: 800px) 100vw, 800px\" \/><p id=\"caption-attachment-4430\" class=\"wp-caption-text\">&#8230; und auf dem Weg dorthin.<\/p><\/div>\n<p style=\"text-align: left;\">Also, auf ein Neues, demn\u00e4chst, ohne Wolken.<\/p>\n<p style=\"text-align: left;\">&#8212;<\/p>\n<p style=\"text-align: left;\">Nachfolgend die Adressen und Rufnummern der erw\u00e4hnten beiden Hotels und der Venta am Fluss (Bar\/Restaurant mit Wildspezialit\u00e4ten):<\/p>\n<p style=\"text-align: left;\"><em>TUGASA Hotel Castillo de Castellar<\/em><br \/>\n<em>Calle del Rosario, 3<\/em><br \/>\n<em>11350 Castellar de la Frontera<\/em><br \/>\n<em>+34 <span class=\"widget-pane-section-info-text\">956 69 31 50<\/span><\/em><br \/>\n<a href=\"http:\/\/www.tugasa.com\/hotel12_1.php\" target=\"_blank\" rel=\"nofollow\"><em>Webseite<\/em><\/a><\/p>\n<p style=\"text-align: left;\"><em>Hotel La Almoraima<\/em><br \/>\n<em><span class=\"widget-pane-section-info-text\">Carretera Algeciras-Ronda, s\/n<\/span><\/em><br \/>\n<em><span class=\"widget-pane-section-info-text\">11350 Castellar de la Frontera<\/span><\/em><br \/>\n<em>+34 956 69 30 02<\/em><br \/>\n<a href=\"http:\/\/www.laalmoraimahotel.com\/\" target=\"_blank\" rel=\"nofollow\"><em>Webseite<\/em><\/a><\/p>\n<p style=\"text-align: left;\"><em>Restaurant Venta La Jarandilla<\/em><br \/>\n<em>Acceso al Castillo de Castellar<\/em><br \/>\n<em>+34 956 64 70 30<\/em><\/p>\n","protected":false},"excerpt":{"rendered":"<p>Hier also die angek\u00fcndigte Fortsetzung der Geschichte aus meinem letzten Artikel \u00fcber Castellar de la Frontera und sein Castillo de Castellar. Denn neulich war ich in der Gegend unterwegs. Von der K\u00fcste aus hinauf zum Hausberg Esteponas, dem Pico Reales, und die R\u00fcckseite hinunter ins K\u00fcnstlerdorf Genalguacil, so die Idee. Es blies jedoch recht st\u00fcrmisch [&hellip;]<\/p>\n","protected":false},"author":7,"featured_media":4422,"comment_status":"open","ping_status":"closed","sticky":false,"template":"","format":"standard","meta":{"jetpack_post_was_ever_published":false,"_jetpack_newsletter_access":"","_jetpack_dont_email_post_to_subs":false,"_jetpack_newsletter_tier_id":0,"_jetpack_memberships_contains_paywalled_content":false,"_jetpack_memberships_contains_paid_content":false,"footnotes":""},"categories":[76],"tags":[231,236],"class_list":["post-4408","post","type-post","status-publish","format-standard","has-post-thumbnail","hentry","category-cadiz","tag-castellar","tag-pico-reales"],"yoast_head":"<!-- This site is optimized with the Yoast SEO plugin v27.0 - https:\/\/yoast.com\/product\/yoast-seo-wordpress\/ -->\n<title>Neues vom alten Castillo - und vom Pico Reales - Andalusien entdecken<\/title>\n<meta name=\"robots\" content=\"index, follow, max-snippet:-1, max-image-preview:large, max-video-preview:-1\" \/>\n<link rel=\"canonical\" href=\"https:\/\/www.andalusien-urlaub.eu\/blog\/cadiz\/neues-vom-alten-castillo-und-vom-pico-reales\/\" \/>\n<meta property=\"og:locale\" content=\"de_DE\" \/>\n<meta property=\"og:type\" content=\"article\" \/>\n<meta property=\"og:title\" content=\"Neues vom alten Castillo - und vom Pico Reales - Andalusien entdecken\" \/>\n<meta property=\"og:description\" content=\"Hier also die angek\u00fcndigte Fortsetzung der Geschichte aus meinem letzten Artikel \u00fcber Castellar de la Frontera und sein Castillo de Castellar. Denn neulich war ich in der Gegend unterwegs. Von der K\u00fcste aus hinauf zum Hausberg Esteponas, dem Pico Reales, und die R\u00fcckseite hinunter ins K\u00fcnstlerdorf Genalguacil, so die Idee. Es blies jedoch recht st\u00fcrmisch [&hellip;]\" \/>\n<meta property=\"og:url\" content=\"https:\/\/www.andalusien-urlaub.eu\/blog\/cadiz\/neues-vom-alten-castillo-und-vom-pico-reales\/\" \/>\n<meta property=\"og:site_name\" content=\"Andalusien entdecken\" \/>\n<meta property=\"article:publisher\" content=\"https:\/\/www.facebook.com\/abnachandalusien\" \/>\n<meta property=\"article:published_time\" content=\"2016-08-22T19:17:12+00:00\" \/>\n<meta property=\"article:modified_time\" content=\"2016-08-26T12:36:39+00:00\" \/>\n<meta property=\"og:image\" content=\"https:\/\/i0.wp.com\/www.andalusien-urlaub.eu\/blog\/wp-content\/uploads\/Castillo_0.jpg?fit=600%2C300&ssl=1\" \/>\n\t<meta property=\"og:image:width\" content=\"600\" \/>\n\t<meta property=\"og:image:height\" content=\"300\" \/>\n\t<meta property=\"og:image:type\" content=\"image\/jpeg\" \/>\n<meta name=\"author\" content=\"Munir\" \/>\n<meta name=\"twitter:card\" content=\"summary_large_image\" \/>\n<meta name=\"twitter:creator\" content=\"@granadareisen\" \/>\n<meta name=\"twitter:site\" content=\"@granadareisen\" \/>\n<meta name=\"twitter:label1\" content=\"Verfasst von\" \/>\n\t<meta name=\"twitter:data1\" content=\"Munir\" \/>\n\t<meta name=\"twitter:label2\" content=\"Gesch\u00e4tzte Lesezeit\" \/>\n\t<meta name=\"twitter:data2\" content=\"4\u00a0Minuten\" \/>\n<script type=\"application\/ld+json\" class=\"yoast-schema-graph\">{\"@context\":\"https:\/\/schema.org\",\"@graph\":[{\"@type\":\"Article\",\"@id\":\"https:\/\/www.andalusien-urlaub.eu\/blog\/cadiz\/neues-vom-alten-castillo-und-vom-pico-reales\/#article\",\"isPartOf\":{\"@id\":\"https:\/\/www.andalusien-urlaub.eu\/blog\/cadiz\/neues-vom-alten-castillo-und-vom-pico-reales\/\"},\"author\":{\"name\":\"Munir\",\"@id\":\"https:\/\/www.andalusien-urlaub.eu\/blog\/#\/schema\/person\/7ee7a3d9535976d8e5ed5e2083e222a6\"},\"headline\":\"Neues vom alten Castillo &#8211; und vom Pico Reales\",\"datePublished\":\"2016-08-22T19:17:12+00:00\",\"dateModified\":\"2016-08-26T12:36:39+00:00\",\"mainEntityOfPage\":{\"@id\":\"https:\/\/www.andalusien-urlaub.eu\/blog\/cadiz\/neues-vom-alten-castillo-und-vom-pico-reales\/\"},\"wordCount\":846,\"commentCount\":0,\"publisher\":{\"@id\":\"https:\/\/www.andalusien-urlaub.eu\/blog\/#organization\"},\"image\":{\"@id\":\"https:\/\/www.andalusien-urlaub.eu\/blog\/cadiz\/neues-vom-alten-castillo-und-vom-pico-reales\/#primaryimage\"},\"thumbnailUrl\":\"https:\/\/i0.wp.com\/www.andalusien-urlaub.eu\/blog\/wp-content\/uploads\/Castillo_0.jpg?fit=600%2C300&ssl=1\",\"keywords\":[\"Castellar\",\"Pico Reales\"],\"articleSection\":[\"C\u00e1diz\"],\"inLanguage\":\"de\",\"potentialAction\":[{\"@type\":\"CommentAction\",\"name\":\"Comment\",\"target\":[\"https:\/\/www.andalusien-urlaub.eu\/blog\/cadiz\/neues-vom-alten-castillo-und-vom-pico-reales\/#respond\"]}]},{\"@type\":\"WebPage\",\"@id\":\"https:\/\/www.andalusien-urlaub.eu\/blog\/cadiz\/neues-vom-alten-castillo-und-vom-pico-reales\/\",\"url\":\"https:\/\/www.andalusien-urlaub.eu\/blog\/cadiz\/neues-vom-alten-castillo-und-vom-pico-reales\/\",\"name\":\"Neues vom alten Castillo - und vom Pico Reales - Andalusien entdecken\",\"isPartOf\":{\"@id\":\"https:\/\/www.andalusien-urlaub.eu\/blog\/#website\"},\"primaryImageOfPage\":{\"@id\":\"https:\/\/www.andalusien-urlaub.eu\/blog\/cadiz\/neues-vom-alten-castillo-und-vom-pico-reales\/#primaryimage\"},\"image\":{\"@id\":\"https:\/\/www.andalusien-urlaub.eu\/blog\/cadiz\/neues-vom-alten-castillo-und-vom-pico-reales\/#primaryimage\"},\"thumbnailUrl\":\"https:\/\/i0.wp.com\/www.andalusien-urlaub.eu\/blog\/wp-content\/uploads\/Castillo_0.jpg?fit=600%2C300&ssl=1\",\"datePublished\":\"2016-08-22T19:17:12+00:00\",\"dateModified\":\"2016-08-26T12:36:39+00:00\",\"breadcrumb\":{\"@id\":\"https:\/\/www.andalusien-urlaub.eu\/blog\/cadiz\/neues-vom-alten-castillo-und-vom-pico-reales\/#breadcrumb\"},\"inLanguage\":\"de\",\"potentialAction\":[{\"@type\":\"ReadAction\",\"target\":[\"https:\/\/www.andalusien-urlaub.eu\/blog\/cadiz\/neues-vom-alten-castillo-und-vom-pico-reales\/\"]}]},{\"@type\":\"ImageObject\",\"inLanguage\":\"de\",\"@id\":\"https:\/\/www.andalusien-urlaub.eu\/blog\/cadiz\/neues-vom-alten-castillo-und-vom-pico-reales\/#primaryimage\",\"url\":\"https:\/\/i0.wp.com\/www.andalusien-urlaub.eu\/blog\/wp-content\/uploads\/Castillo_0.jpg?fit=600%2C300&ssl=1\",\"contentUrl\":\"https:\/\/i0.wp.com\/www.andalusien-urlaub.eu\/blog\/wp-content\/uploads\/Castillo_0.jpg?fit=600%2C300&ssl=1\",\"width\":600,\"height\":300,\"caption\":\"Castillo de Castellar\"},{\"@type\":\"BreadcrumbList\",\"@id\":\"https:\/\/www.andalusien-urlaub.eu\/blog\/cadiz\/neues-vom-alten-castillo-und-vom-pico-reales\/#breadcrumb\",\"itemListElement\":[{\"@type\":\"ListItem\",\"position\":1,\"name\":\"Home\",\"item\":\"https:\/\/www.andalusien-urlaub.eu\/blog\/homepage\/\"},{\"@type\":\"ListItem\",\"position\":2,\"name\":\"C\u00e1diz\",\"item\":\"https:\/\/www.andalusien-urlaub.eu\/blog\/category\/cadiz\/\"},{\"@type\":\"ListItem\",\"position\":3,\"name\":\"Neues vom alten Castillo &#8211; und vom Pico Reales\"}]},{\"@type\":\"WebSite\",\"@id\":\"https:\/\/www.andalusien-urlaub.eu\/blog\/#website\",\"url\":\"https:\/\/www.andalusien-urlaub.eu\/blog\/\",\"name\":\"Andalusien entdecken\",\"description\":\"Auf Entdeckungsreise in Andalusien\",\"publisher\":{\"@id\":\"https:\/\/www.andalusien-urlaub.eu\/blog\/#organization\"},\"potentialAction\":[{\"@type\":\"SearchAction\",\"target\":{\"@type\":\"EntryPoint\",\"urlTemplate\":\"https:\/\/www.andalusien-urlaub.eu\/blog\/?s={search_term_string}\"},\"query-input\":{\"@type\":\"PropertyValueSpecification\",\"valueRequired\":true,\"valueName\":\"search_term_string\"}}],\"inLanguage\":\"de\"},{\"@type\":\"Organization\",\"@id\":\"https:\/\/www.andalusien-urlaub.eu\/blog\/#organization\",\"name\":\"Andalusien entdecken\",\"url\":\"https:\/\/www.andalusien-urlaub.eu\/blog\/\",\"logo\":{\"@type\":\"ImageObject\",\"inLanguage\":\"de\",\"@id\":\"https:\/\/www.andalusien-urlaub.eu\/blog\/#\/schema\/logo\/image\/\",\"url\":\"https:\/\/i2.wp.com\/www.andalusien-urlaub.eu\/blog\/wp-content\/uploads\/Logo_Final_PNG_kl.png?fit=300%2C127&ssl=1\",\"contentUrl\":\"https:\/\/i2.wp.com\/www.andalusien-urlaub.eu\/blog\/wp-content\/uploads\/Logo_Final_PNG_kl.png?fit=300%2C127&ssl=1\",\"width\":300,\"height\":127,\"caption\":\"Andalusien entdecken\"},\"image\":{\"@id\":\"https:\/\/www.andalusien-urlaub.eu\/blog\/#\/schema\/logo\/image\/\"},\"sameAs\":[\"https:\/\/www.facebook.com\/abnachandalusien\",\"https:\/\/x.com\/granadareisen\"]},{\"@type\":\"Person\",\"@id\":\"https:\/\/www.andalusien-urlaub.eu\/blog\/#\/schema\/person\/7ee7a3d9535976d8e5ed5e2083e222a6\",\"name\":\"Munir\",\"image\":{\"@type\":\"ImageObject\",\"inLanguage\":\"de\",\"@id\":\"https:\/\/www.andalusien-urlaub.eu\/blog\/#\/schema\/person\/image\/\",\"url\":\"https:\/\/secure.gravatar.com\/avatar\/a3f3209d8b7b74db7e91ecef567471598ab0c30016ecee57220a870d603b4297?s=96&r=g\",\"contentUrl\":\"https:\/\/secure.gravatar.com\/avatar\/a3f3209d8b7b74db7e91ecef567471598ab0c30016ecee57220a870d603b4297?s=96&r=g\",\"caption\":\"Munir\"},\"description\":\"Munir ist Kultur- und Sozialwissenschaftler und Gastronom, und erfahrener Motorradreisender. Die iberische Halbinsel, und speziell Andalusien, bieten ihm f\u00fcr all dies ein weites und reiches Feld. Besonders am Herzen liegen ihm die Serran\u00edas (und Weine) rund um Ronda, und generell das Andalusien jenseits der Hauptrouten.\",\"url\":\"https:\/\/www.andalusien-urlaub.eu\/blog\/author\/munir\/\"}]}<\/script>\n<!-- \/ Yoast SEO plugin. -->","yoast_head_json":{"title":"Neues vom alten Castillo - und vom Pico Reales - Andalusien entdecken","robots":{"index":"index","follow":"follow","max-snippet":"max-snippet:-1","max-image-preview":"max-image-preview:large","max-video-preview":"max-video-preview:-1"},"canonical":"https:\/\/www.andalusien-urlaub.eu\/blog\/cadiz\/neues-vom-alten-castillo-und-vom-pico-reales\/","og_locale":"de_DE","og_type":"article","og_title":"Neues vom alten Castillo - und vom Pico Reales - Andalusien entdecken","og_description":"Hier also die angek\u00fcndigte Fortsetzung der Geschichte aus meinem letzten Artikel \u00fcber Castellar de la Frontera und sein Castillo de Castellar. Denn neulich war ich in der Gegend unterwegs. Von der K\u00fcste aus hinauf zum Hausberg Esteponas, dem Pico Reales, und die R\u00fcckseite hinunter ins K\u00fcnstlerdorf Genalguacil, so die Idee. Es blies jedoch recht st\u00fcrmisch [&hellip;]","og_url":"https:\/\/www.andalusien-urlaub.eu\/blog\/cadiz\/neues-vom-alten-castillo-und-vom-pico-reales\/","og_site_name":"Andalusien entdecken","article_publisher":"https:\/\/www.facebook.com\/abnachandalusien","article_published_time":"2016-08-22T19:17:12+00:00","article_modified_time":"2016-08-26T12:36:39+00:00","og_image":[{"width":600,"height":300,"url":"https:\/\/i0.wp.com\/www.andalusien-urlaub.eu\/blog\/wp-content\/uploads\/Castillo_0.jpg?fit=600%2C300&ssl=1","type":"image\/jpeg"}],"author":"Munir","twitter_card":"summary_large_image","twitter_creator":"@granadareisen","twitter_site":"@granadareisen","twitter_misc":{"Verfasst von":"Munir","Gesch\u00e4tzte Lesezeit":"4\u00a0Minuten"},"schema":{"@context":"https:\/\/schema.org","@graph":[{"@type":"Article","@id":"https:\/\/www.andalusien-urlaub.eu\/blog\/cadiz\/neues-vom-alten-castillo-und-vom-pico-reales\/#article","isPartOf":{"@id":"https:\/\/www.andalusien-urlaub.eu\/blog\/cadiz\/neues-vom-alten-castillo-und-vom-pico-reales\/"},"author":{"name":"Munir","@id":"https:\/\/www.andalusien-urlaub.eu\/blog\/#\/schema\/person\/7ee7a3d9535976d8e5ed5e2083e222a6"},"headline":"Neues vom alten Castillo &#8211; und vom Pico Reales","datePublished":"2016-08-22T19:17:12+00:00","dateModified":"2016-08-26T12:36:39+00:00","mainEntityOfPage":{"@id":"https:\/\/www.andalusien-urlaub.eu\/blog\/cadiz\/neues-vom-alten-castillo-und-vom-pico-reales\/"},"wordCount":846,"commentCount":0,"publisher":{"@id":"https:\/\/www.andalusien-urlaub.eu\/blog\/#organization"},"image":{"@id":"https:\/\/www.andalusien-urlaub.eu\/blog\/cadiz\/neues-vom-alten-castillo-und-vom-pico-reales\/#primaryimage"},"thumbnailUrl":"https:\/\/i0.wp.com\/www.andalusien-urlaub.eu\/blog\/wp-content\/uploads\/Castillo_0.jpg?fit=600%2C300&ssl=1","keywords":["Castellar","Pico Reales"],"articleSection":["C\u00e1diz"],"inLanguage":"de","potentialAction":[{"@type":"CommentAction","name":"Comment","target":["https:\/\/www.andalusien-urlaub.eu\/blog\/cadiz\/neues-vom-alten-castillo-und-vom-pico-reales\/#respond"]}]},{"@type":"WebPage","@id":"https:\/\/www.andalusien-urlaub.eu\/blog\/cadiz\/neues-vom-alten-castillo-und-vom-pico-reales\/","url":"https:\/\/www.andalusien-urlaub.eu\/blog\/cadiz\/neues-vom-alten-castillo-und-vom-pico-reales\/","name":"Neues vom alten Castillo - und vom Pico Reales - Andalusien entdecken","isPartOf":{"@id":"https:\/\/www.andalusien-urlaub.eu\/blog\/#website"},"primaryImageOfPage":{"@id":"https:\/\/www.andalusien-urlaub.eu\/blog\/cadiz\/neues-vom-alten-castillo-und-vom-pico-reales\/#primaryimage"},"image":{"@id":"https:\/\/www.andalusien-urlaub.eu\/blog\/cadiz\/neues-vom-alten-castillo-und-vom-pico-reales\/#primaryimage"},"thumbnailUrl":"https:\/\/i0.wp.com\/www.andalusien-urlaub.eu\/blog\/wp-content\/uploads\/Castillo_0.jpg?fit=600%2C300&ssl=1","datePublished":"2016-08-22T19:17:12+00:00","dateModified":"2016-08-26T12:36:39+00:00","breadcrumb":{"@id":"https:\/\/www.andalusien-urlaub.eu\/blog\/cadiz\/neues-vom-alten-castillo-und-vom-pico-reales\/#breadcrumb"},"inLanguage":"de","potentialAction":[{"@type":"ReadAction","target":["https:\/\/www.andalusien-urlaub.eu\/blog\/cadiz\/neues-vom-alten-castillo-und-vom-pico-reales\/"]}]},{"@type":"ImageObject","inLanguage":"de","@id":"https:\/\/www.andalusien-urlaub.eu\/blog\/cadiz\/neues-vom-alten-castillo-und-vom-pico-reales\/#primaryimage","url":"https:\/\/i0.wp.com\/www.andalusien-urlaub.eu\/blog\/wp-content\/uploads\/Castillo_0.jpg?fit=600%2C300&ssl=1","contentUrl":"https:\/\/i0.wp.com\/www.andalusien-urlaub.eu\/blog\/wp-content\/uploads\/Castillo_0.jpg?fit=600%2C300&ssl=1","width":600,"height":300,"caption":"Castillo de Castellar"},{"@type":"BreadcrumbList","@id":"https:\/\/www.andalusien-urlaub.eu\/blog\/cadiz\/neues-vom-alten-castillo-und-vom-pico-reales\/#breadcrumb","itemListElement":[{"@type":"ListItem","position":1,"name":"Home","item":"https:\/\/www.andalusien-urlaub.eu\/blog\/homepage\/"},{"@type":"ListItem","position":2,"name":"C\u00e1diz","item":"https:\/\/www.andalusien-urlaub.eu\/blog\/category\/cadiz\/"},{"@type":"ListItem","position":3,"name":"Neues vom alten Castillo &#8211; und vom Pico Reales"}]},{"@type":"WebSite","@id":"https:\/\/www.andalusien-urlaub.eu\/blog\/#website","url":"https:\/\/www.andalusien-urlaub.eu\/blog\/","name":"Andalusien entdecken","description":"Auf Entdeckungsreise in Andalusien","publisher":{"@id":"https:\/\/www.andalusien-urlaub.eu\/blog\/#organization"},"potentialAction":[{"@type":"SearchAction","target":{"@type":"EntryPoint","urlTemplate":"https:\/\/www.andalusien-urlaub.eu\/blog\/?s={search_term_string}"},"query-input":{"@type":"PropertyValueSpecification","valueRequired":true,"valueName":"search_term_string"}}],"inLanguage":"de"},{"@type":"Organization","@id":"https:\/\/www.andalusien-urlaub.eu\/blog\/#organization","name":"Andalusien entdecken","url":"https:\/\/www.andalusien-urlaub.eu\/blog\/","logo":{"@type":"ImageObject","inLanguage":"de","@id":"https:\/\/www.andalusien-urlaub.eu\/blog\/#\/schema\/logo\/image\/","url":"https:\/\/i2.wp.com\/www.andalusien-urlaub.eu\/blog\/wp-content\/uploads\/Logo_Final_PNG_kl.png?fit=300%2C127&ssl=1","contentUrl":"https:\/\/i2.wp.com\/www.andalusien-urlaub.eu\/blog\/wp-content\/uploads\/Logo_Final_PNG_kl.png?fit=300%2C127&ssl=1","width":300,"height":127,"caption":"Andalusien entdecken"},"image":{"@id":"https:\/\/www.andalusien-urlaub.eu\/blog\/#\/schema\/logo\/image\/"},"sameAs":["https:\/\/www.facebook.com\/abnachandalusien","https:\/\/x.com\/granadareisen"]},{"@type":"Person","@id":"https:\/\/www.andalusien-urlaub.eu\/blog\/#\/schema\/person\/7ee7a3d9535976d8e5ed5e2083e222a6","name":"Munir","image":{"@type":"ImageObject","inLanguage":"de","@id":"https:\/\/www.andalusien-urlaub.eu\/blog\/#\/schema\/person\/image\/","url":"https:\/\/secure.gravatar.com\/avatar\/a3f3209d8b7b74db7e91ecef567471598ab0c30016ecee57220a870d603b4297?s=96&r=g","contentUrl":"https:\/\/secure.gravatar.com\/avatar\/a3f3209d8b7b74db7e91ecef567471598ab0c30016ecee57220a870d603b4297?s=96&r=g","caption":"Munir"},"description":"Munir ist Kultur- und Sozialwissenschaftler und Gastronom, und erfahrener Motorradreisender. Die iberische Halbinsel, und speziell Andalusien, bieten ihm f\u00fcr all dies ein weites und reiches Feld. Besonders am Herzen liegen ihm die Serran\u00edas (und Weine) rund um Ronda, und generell das Andalusien jenseits der Hauptrouten.","url":"https:\/\/www.andalusien-urlaub.eu\/blog\/author\/munir\/"}]}},"jetpack_featured_media_url":"https:\/\/i0.wp.com\/www.andalusien-urlaub.eu\/blog\/wp-content\/uploads\/Castillo_0.jpg?fit=600%2C300&ssl=1","jetpack_shortlink":"https:\/\/wp.me\/p4SCDV-196","jetpack_sharing_enabled":true,"_links":{"self":[{"href":"https:\/\/www.andalusien-urlaub.eu\/blog\/wp-json\/wp\/v2\/posts\/4408","targetHints":{"allow":["GET"]}}],"collection":[{"href":"https:\/\/www.andalusien-urlaub.eu\/blog\/wp-json\/wp\/v2\/posts"}],"about":[{"href":"https:\/\/www.andalusien-urlaub.eu\/blog\/wp-json\/wp\/v2\/types\/post"}],"author":[{"embeddable":true,"href":"https:\/\/www.andalusien-urlaub.eu\/blog\/wp-json\/wp\/v2\/users\/7"}],"replies":[{"embeddable":true,"href":"https:\/\/www.andalusien-urlaub.eu\/blog\/wp-json\/wp\/v2\/comments?post=4408"}],"version-history":[{"count":0,"href":"https:\/\/www.andalusien-urlaub.eu\/blog\/wp-json\/wp\/v2\/posts\/4408\/revisions"}],"wp:featuredmedia":[{"embeddable":true,"href":"https:\/\/www.andalusien-urlaub.eu\/blog\/wp-json\/wp\/v2\/media\/4422"}],"wp:attachment":[{"href":"https:\/\/www.andalusien-urlaub.eu\/blog\/wp-json\/wp\/v2\/media?parent=4408"}],"wp:term":[{"taxonomy":"category","embeddable":true,"href":"https:\/\/www.andalusien-urlaub.eu\/blog\/wp-json\/wp\/v2\/categories?post=4408"},{"taxonomy":"post_tag","embeddable":true,"href":"https:\/\/www.andalusien-urlaub.eu\/blog\/wp-json\/wp\/v2\/tags?post=4408"}],"curies":[{"name":"wp","href":"https:\/\/api.w.org\/{rel}","templated":true}]}}