{"id":549,"date":"2011-12-06T20:31:39","date_gmt":"2011-12-06T18:31:39","guid":{"rendered":"https:\/\/www.andalusien-urlaub.eu\/blog\/?p=549"},"modified":"2015-12-11T14:13:06","modified_gmt":"2015-12-11T13:13:06","slug":"die-einsiedelei-las-ermitas","status":"publish","type":"post","link":"https:\/\/www.andalusien-urlaub.eu\/blog\/cordoba\/die-einsiedelei-las-ermitas\/","title":{"rendered":"Las Ermitas &#8211; Die Einsiedelei von C\u00f3rdoba"},"content":{"rendered":"<p>Die Einsiedelei von C\u00f3rdoba, Las Ermitas, ist auch heute noch ein Ort der Ruhe und Zur\u00fcckgezogenheit. Gleichzeitig ist sie ein idealer Aussichtspunkt, um C\u00f3rdoba von oben zu sehen. Man gelangt dorthin mit dem Auto. Die Avenida del Brillante im Stadtteil El Brillante hinauf und dann der Ausschilderung folgen in die Sierra Morena.<\/p>\n<p><img decoding=\"async\" class=\"ngg_displayed_gallery mceItem\" src=\"https:\/\/www.andalusien-urlaub.eu\/blog\/nextgen-attach_to_post\/preview\/id--3173\" alt=\"\" data-mce-placeholder=\"1\" \/><\/p>\n<p>Die Einsiedelei wird von ein paar Br\u00fcdern des Ordens der Unbeschuhten Karmeliten in Stand gehalten, die sich immer \u00fcber eine Spende freuen. Zu besichtigen gibt es dort u.a. eine Kapelle, eingeweiht 1732 und einige Zellen, ausgestattet mit der Einrichtung und den Utensielien des 18. Jahrhunderts. Von der Aussichtsterrasse, dem sogenannten Weltbalkon, genie\u00dft man eine hervoragende Aussicht auf C\u00f3rdoba und das Tal des Guadalquivir.<\/p>\n<p><em>Las Ermitas de C\u00f3rdoba<\/em><br \/>\n<em> Ctra. CP-79<\/em><br \/>\n<em> 14012 C\u00f3rdoba<\/em><br \/>\n<em> +34 957 266 607<\/em><br \/>\n<em> <a href=\"http:\/\/www.carmelitasdescalzosdeandalucia.org\/seccion\/Las-Ermitas\" target=\"_blank\">Webseite<\/a><\/em><\/p>\n<p>%CODE2%<\/p>\n","protected":false},"excerpt":{"rendered":"<p>Die Einsiedelei von C\u00f3rdoba, Las Ermitas, ist auch heute noch ein Ort der Ruhe und Zur\u00fcckgezogenheit. Gleichzeitig ist sie ein idealer Aussichtspunkt, um C\u00f3rdoba von oben zu sehen. Man gelangt dorthin mit dem Auto. Die Avenida del Brillante im Stadtteil El Brillante hinauf und dann der Ausschilderung folgen in die Sierra Morena. Die Einsiedelei wird [&hellip;]<\/p>\n","protected":false},"author":1,"featured_media":975,"comment_status":"open","ping_status":"open","sticky":false,"template":"","format":"standard","meta":{"jetpack_post_was_ever_published":false,"_jetpack_newsletter_access":"","_jetpack_dont_email_post_to_subs":false,"_jetpack_newsletter_tier_id":0,"_jetpack_memberships_contains_paywalled_content":false,"_jetpack_memberships_contains_paid_content":false,"footnotes":""},"categories":[6],"tags":[50],"class_list":["post-549","post","type-post","status-publish","format-standard","has-post-thumbnail","hentry","category-cordoba","tag-las-ermitas"],"yoast_head":"<!-- This site is optimized with the Yoast SEO plugin v27.0 - https:\/\/yoast.com\/product\/yoast-seo-wordpress\/ -->\n<title>Las Ermitas - Die Einsiedelei von C\u00f3rdoba<\/title>\n<meta name=\"description\" content=\"Die Einsiedelei von C\u00f3rdoba, Las Ermitas, ist auch heute noch ein Ort der Ruhe und Zur\u00fcckgezogenheit. Gleichzeitig ist sie ein idealer Aussichtspunkt.\" \/>\n<meta name=\"robots\" content=\"index, follow, max-snippet:-1, max-image-preview:large, max-video-preview:-1\" \/>\n<link rel=\"canonical\" href=\"https:\/\/www.andalusien-urlaub.eu\/blog\/cordoba\/die-einsiedelei-las-ermitas\/\" \/>\n<meta property=\"og:locale\" content=\"de_DE\" \/>\n<meta property=\"og:type\" content=\"article\" \/>\n<meta property=\"og:title\" content=\"Las Ermitas - Die Einsiedelei von C\u00f3rdoba\" \/>\n<meta property=\"og:description\" content=\"Die Einsiedelei von C\u00f3rdoba, Las Ermitas, ist auch heute noch ein Ort der Ruhe und Zur\u00fcckgezogenheit. Gleichzeitig ist sie ein idealer Aussichtspunkt.\" \/>\n<meta property=\"og:url\" content=\"https:\/\/www.andalusien-urlaub.eu\/blog\/cordoba\/die-einsiedelei-las-ermitas\/\" \/>\n<meta property=\"og:site_name\" content=\"Andalusien entdecken\" \/>\n<meta property=\"article:publisher\" content=\"https:\/\/www.facebook.com\/abnachandalusien\" \/>\n<meta property=\"article:author\" content=\"https:\/\/www.facebook.com\/abnachandalusien\/\" \/>\n<meta property=\"article:published_time\" content=\"2011-12-06T18:31:39+00:00\" \/>\n<meta property=\"article:modified_time\" content=\"2015-12-11T13:13:06+00:00\" \/>\n<meta property=\"og:image\" content=\"https:\/\/i0.wp.com\/www.andalusien-urlaub.eu\/blog\/wp-content\/uploads\/2014\/07\/ermitas.jpg?fit=390%2C261&ssl=1\" \/>\n\t<meta property=\"og:image:width\" content=\"390\" \/>\n\t<meta property=\"og:image:height\" content=\"261\" \/>\n\t<meta property=\"og:image:type\" content=\"image\/jpeg\" \/>\n<meta name=\"author\" content=\"J\u00fcrgen\" \/>\n<meta name=\"twitter:card\" content=\"summary_large_image\" \/>\n<meta name=\"twitter:creator\" content=\"@granadareisen\" \/>\n<meta name=\"twitter:site\" content=\"@granadareisen\" \/>\n<meta name=\"twitter:label1\" content=\"Verfasst von\" \/>\n\t<meta name=\"twitter:data1\" content=\"J\u00fcrgen\" \/>\n\t<meta name=\"twitter:label2\" content=\"Gesch\u00e4tzte Lesezeit\" \/>\n\t<meta name=\"twitter:data2\" content=\"1\u00a0Minute\" \/>\n<script type=\"application\/ld+json\" class=\"yoast-schema-graph\">{\"@context\":\"https:\/\/schema.org\",\"@graph\":[{\"@type\":\"Article\",\"@id\":\"https:\/\/www.andalusien-urlaub.eu\/blog\/cordoba\/die-einsiedelei-las-ermitas\/#article\",\"isPartOf\":{\"@id\":\"https:\/\/www.andalusien-urlaub.eu\/blog\/cordoba\/die-einsiedelei-las-ermitas\/\"},\"author\":{\"name\":\"J\u00fcrgen\",\"@id\":\"https:\/\/www.andalusien-urlaub.eu\/blog\/#\/schema\/person\/264dc6c6323db2bd8f7206efd54d6b00\"},\"headline\":\"Las Ermitas &#8211; Die Einsiedelei von C\u00f3rdoba\",\"datePublished\":\"2011-12-06T18:31:39+00:00\",\"dateModified\":\"2015-12-11T13:13:06+00:00\",\"mainEntityOfPage\":{\"@id\":\"https:\/\/www.andalusien-urlaub.eu\/blog\/cordoba\/die-einsiedelei-las-ermitas\/\"},\"wordCount\":139,\"commentCount\":0,\"publisher\":{\"@id\":\"https:\/\/www.andalusien-urlaub.eu\/blog\/#organization\"},\"image\":{\"@id\":\"https:\/\/www.andalusien-urlaub.eu\/blog\/cordoba\/die-einsiedelei-las-ermitas\/#primaryimage\"},\"thumbnailUrl\":\"https:\/\/i0.wp.com\/www.andalusien-urlaub.eu\/blog\/wp-content\/uploads\/2014\/07\/ermitas.jpg?fit=390%2C261&ssl=1\",\"keywords\":[\"Las Ermitas\"],\"articleSection\":[\"C\u00f3rdoba\"],\"inLanguage\":\"de\",\"potentialAction\":[{\"@type\":\"CommentAction\",\"name\":\"Comment\",\"target\":[\"https:\/\/www.andalusien-urlaub.eu\/blog\/cordoba\/die-einsiedelei-las-ermitas\/#respond\"]}]},{\"@type\":\"WebPage\",\"@id\":\"https:\/\/www.andalusien-urlaub.eu\/blog\/cordoba\/die-einsiedelei-las-ermitas\/\",\"url\":\"https:\/\/www.andalusien-urlaub.eu\/blog\/cordoba\/die-einsiedelei-las-ermitas\/\",\"name\":\"Las Ermitas - Die Einsiedelei von C\u00f3rdoba\",\"isPartOf\":{\"@id\":\"https:\/\/www.andalusien-urlaub.eu\/blog\/#website\"},\"primaryImageOfPage\":{\"@id\":\"https:\/\/www.andalusien-urlaub.eu\/blog\/cordoba\/die-einsiedelei-las-ermitas\/#primaryimage\"},\"image\":{\"@id\":\"https:\/\/www.andalusien-urlaub.eu\/blog\/cordoba\/die-einsiedelei-las-ermitas\/#primaryimage\"},\"thumbnailUrl\":\"https:\/\/i0.wp.com\/www.andalusien-urlaub.eu\/blog\/wp-content\/uploads\/2014\/07\/ermitas.jpg?fit=390%2C261&ssl=1\",\"datePublished\":\"2011-12-06T18:31:39+00:00\",\"dateModified\":\"2015-12-11T13:13:06+00:00\",\"description\":\"Die Einsiedelei von C\u00f3rdoba, Las Ermitas, ist auch heute noch ein Ort der Ruhe und Zur\u00fcckgezogenheit. Gleichzeitig ist sie ein idealer Aussichtspunkt.\",\"breadcrumb\":{\"@id\":\"https:\/\/www.andalusien-urlaub.eu\/blog\/cordoba\/die-einsiedelei-las-ermitas\/#breadcrumb\"},\"inLanguage\":\"de\",\"potentialAction\":[{\"@type\":\"ReadAction\",\"target\":[\"https:\/\/www.andalusien-urlaub.eu\/blog\/cordoba\/die-einsiedelei-las-ermitas\/\"]}]},{\"@type\":\"ImageObject\",\"inLanguage\":\"de\",\"@id\":\"https:\/\/www.andalusien-urlaub.eu\/blog\/cordoba\/die-einsiedelei-las-ermitas\/#primaryimage\",\"url\":\"https:\/\/i0.wp.com\/www.andalusien-urlaub.eu\/blog\/wp-content\/uploads\/2014\/07\/ermitas.jpg?fit=390%2C261&ssl=1\",\"contentUrl\":\"https:\/\/i0.wp.com\/www.andalusien-urlaub.eu\/blog\/wp-content\/uploads\/2014\/07\/ermitas.jpg?fit=390%2C261&ssl=1\",\"width\":390,\"height\":261,\"caption\":\"ermitas\"},{\"@type\":\"BreadcrumbList\",\"@id\":\"https:\/\/www.andalusien-urlaub.eu\/blog\/cordoba\/die-einsiedelei-las-ermitas\/#breadcrumb\",\"itemListElement\":[{\"@type\":\"ListItem\",\"position\":1,\"name\":\"Home\",\"item\":\"https:\/\/www.andalusien-urlaub.eu\/blog\/homepage\/\"},{\"@type\":\"ListItem\",\"position\":2,\"name\":\"C\u00f3rdoba\",\"item\":\"https:\/\/www.andalusien-urlaub.eu\/blog\/category\/cordoba\/\"},{\"@type\":\"ListItem\",\"position\":3,\"name\":\"Las Ermitas &#8211; Die Einsiedelei von C\u00f3rdoba\"}]},{\"@type\":\"WebSite\",\"@id\":\"https:\/\/www.andalusien-urlaub.eu\/blog\/#website\",\"url\":\"https:\/\/www.andalusien-urlaub.eu\/blog\/\",\"name\":\"Andalusien entdecken\",\"description\":\"Auf Entdeckungsreise in Andalusien\",\"publisher\":{\"@id\":\"https:\/\/www.andalusien-urlaub.eu\/blog\/#organization\"},\"potentialAction\":[{\"@type\":\"SearchAction\",\"target\":{\"@type\":\"EntryPoint\",\"urlTemplate\":\"https:\/\/www.andalusien-urlaub.eu\/blog\/?s={search_term_string}\"},\"query-input\":{\"@type\":\"PropertyValueSpecification\",\"valueRequired\":true,\"valueName\":\"search_term_string\"}}],\"inLanguage\":\"de\"},{\"@type\":\"Organization\",\"@id\":\"https:\/\/www.andalusien-urlaub.eu\/blog\/#organization\",\"name\":\"Andalusien entdecken\",\"url\":\"https:\/\/www.andalusien-urlaub.eu\/blog\/\",\"logo\":{\"@type\":\"ImageObject\",\"inLanguage\":\"de\",\"@id\":\"https:\/\/www.andalusien-urlaub.eu\/blog\/#\/schema\/logo\/image\/\",\"url\":\"https:\/\/i2.wp.com\/www.andalusien-urlaub.eu\/blog\/wp-content\/uploads\/Logo_Final_PNG_kl.png?fit=300%2C127&ssl=1\",\"contentUrl\":\"https:\/\/i2.wp.com\/www.andalusien-urlaub.eu\/blog\/wp-content\/uploads\/Logo_Final_PNG_kl.png?fit=300%2C127&ssl=1\",\"width\":300,\"height\":127,\"caption\":\"Andalusien entdecken\"},\"image\":{\"@id\":\"https:\/\/www.andalusien-urlaub.eu\/blog\/#\/schema\/logo\/image\/\"},\"sameAs\":[\"https:\/\/www.facebook.com\/abnachandalusien\",\"https:\/\/x.com\/granadareisen\"]},{\"@type\":\"Person\",\"@id\":\"https:\/\/www.andalusien-urlaub.eu\/blog\/#\/schema\/person\/264dc6c6323db2bd8f7206efd54d6b00\",\"name\":\"J\u00fcrgen\",\"image\":{\"@type\":\"ImageObject\",\"inLanguage\":\"de\",\"@id\":\"https:\/\/www.andalusien-urlaub.eu\/blog\/#\/schema\/person\/image\/\",\"url\":\"https:\/\/secure.gravatar.com\/avatar\/4d994b0f3a6eb417aae9a837d0e606617f5fd7ba92f306bb2028b6b5fb9d3d07?s=96&r=g\",\"contentUrl\":\"https:\/\/secure.gravatar.com\/avatar\/4d994b0f3a6eb417aae9a837d0e606617f5fd7ba92f306bb2028b6b5fb9d3d07?s=96&r=g\",\"caption\":\"J\u00fcrgen\"},\"description\":\"Auf Entdeckungsreise in Andalusien - am liebsten mit meiner Kamera draussen in der Natur. Als Tour Guide organisiere ich private Ausfl\u00fcge, Wanderungen und Fotoexkurs\u00edonen in vielen Regionen Andalusiens.\",\"sameAs\":[\"https:\/\/juergenheitmann.com\",\"https:\/\/www.facebook.com\/abnachandalusien\/\"],\"url\":\"https:\/\/www.andalusien-urlaub.eu\/blog\/author\/jamal\/\"}]}<\/script>\n<!-- \/ Yoast SEO plugin. -->","yoast_head_json":{"title":"Las Ermitas - Die Einsiedelei von C\u00f3rdoba","description":"Die Einsiedelei von C\u00f3rdoba, Las Ermitas, ist auch heute noch ein Ort der Ruhe und Zur\u00fcckgezogenheit. Gleichzeitig ist sie ein idealer Aussichtspunkt.","robots":{"index":"index","follow":"follow","max-snippet":"max-snippet:-1","max-image-preview":"max-image-preview:large","max-video-preview":"max-video-preview:-1"},"canonical":"https:\/\/www.andalusien-urlaub.eu\/blog\/cordoba\/die-einsiedelei-las-ermitas\/","og_locale":"de_DE","og_type":"article","og_title":"Las Ermitas - Die Einsiedelei von C\u00f3rdoba","og_description":"Die Einsiedelei von C\u00f3rdoba, Las Ermitas, ist auch heute noch ein Ort der Ruhe und Zur\u00fcckgezogenheit. Gleichzeitig ist sie ein idealer Aussichtspunkt.","og_url":"https:\/\/www.andalusien-urlaub.eu\/blog\/cordoba\/die-einsiedelei-las-ermitas\/","og_site_name":"Andalusien entdecken","article_publisher":"https:\/\/www.facebook.com\/abnachandalusien","article_author":"https:\/\/www.facebook.com\/abnachandalusien\/","article_published_time":"2011-12-06T18:31:39+00:00","article_modified_time":"2015-12-11T13:13:06+00:00","og_image":[{"width":390,"height":261,"url":"https:\/\/i0.wp.com\/www.andalusien-urlaub.eu\/blog\/wp-content\/uploads\/2014\/07\/ermitas.jpg?fit=390%2C261&ssl=1","type":"image\/jpeg"}],"author":"J\u00fcrgen","twitter_card":"summary_large_image","twitter_creator":"@granadareisen","twitter_site":"@granadareisen","twitter_misc":{"Verfasst von":"J\u00fcrgen","Gesch\u00e4tzte Lesezeit":"1\u00a0Minute"},"schema":{"@context":"https:\/\/schema.org","@graph":[{"@type":"Article","@id":"https:\/\/www.andalusien-urlaub.eu\/blog\/cordoba\/die-einsiedelei-las-ermitas\/#article","isPartOf":{"@id":"https:\/\/www.andalusien-urlaub.eu\/blog\/cordoba\/die-einsiedelei-las-ermitas\/"},"author":{"name":"J\u00fcrgen","@id":"https:\/\/www.andalusien-urlaub.eu\/blog\/#\/schema\/person\/264dc6c6323db2bd8f7206efd54d6b00"},"headline":"Las Ermitas &#8211; Die Einsiedelei von C\u00f3rdoba","datePublished":"2011-12-06T18:31:39+00:00","dateModified":"2015-12-11T13:13:06+00:00","mainEntityOfPage":{"@id":"https:\/\/www.andalusien-urlaub.eu\/blog\/cordoba\/die-einsiedelei-las-ermitas\/"},"wordCount":139,"commentCount":0,"publisher":{"@id":"https:\/\/www.andalusien-urlaub.eu\/blog\/#organization"},"image":{"@id":"https:\/\/www.andalusien-urlaub.eu\/blog\/cordoba\/die-einsiedelei-las-ermitas\/#primaryimage"},"thumbnailUrl":"https:\/\/i0.wp.com\/www.andalusien-urlaub.eu\/blog\/wp-content\/uploads\/2014\/07\/ermitas.jpg?fit=390%2C261&ssl=1","keywords":["Las Ermitas"],"articleSection":["C\u00f3rdoba"],"inLanguage":"de","potentialAction":[{"@type":"CommentAction","name":"Comment","target":["https:\/\/www.andalusien-urlaub.eu\/blog\/cordoba\/die-einsiedelei-las-ermitas\/#respond"]}]},{"@type":"WebPage","@id":"https:\/\/www.andalusien-urlaub.eu\/blog\/cordoba\/die-einsiedelei-las-ermitas\/","url":"https:\/\/www.andalusien-urlaub.eu\/blog\/cordoba\/die-einsiedelei-las-ermitas\/","name":"Las Ermitas - Die Einsiedelei von C\u00f3rdoba","isPartOf":{"@id":"https:\/\/www.andalusien-urlaub.eu\/blog\/#website"},"primaryImageOfPage":{"@id":"https:\/\/www.andalusien-urlaub.eu\/blog\/cordoba\/die-einsiedelei-las-ermitas\/#primaryimage"},"image":{"@id":"https:\/\/www.andalusien-urlaub.eu\/blog\/cordoba\/die-einsiedelei-las-ermitas\/#primaryimage"},"thumbnailUrl":"https:\/\/i0.wp.com\/www.andalusien-urlaub.eu\/blog\/wp-content\/uploads\/2014\/07\/ermitas.jpg?fit=390%2C261&ssl=1","datePublished":"2011-12-06T18:31:39+00:00","dateModified":"2015-12-11T13:13:06+00:00","description":"Die Einsiedelei von C\u00f3rdoba, Las Ermitas, ist auch heute noch ein Ort der Ruhe und Zur\u00fcckgezogenheit. Gleichzeitig ist sie ein idealer Aussichtspunkt.","breadcrumb":{"@id":"https:\/\/www.andalusien-urlaub.eu\/blog\/cordoba\/die-einsiedelei-las-ermitas\/#breadcrumb"},"inLanguage":"de","potentialAction":[{"@type":"ReadAction","target":["https:\/\/www.andalusien-urlaub.eu\/blog\/cordoba\/die-einsiedelei-las-ermitas\/"]}]},{"@type":"ImageObject","inLanguage":"de","@id":"https:\/\/www.andalusien-urlaub.eu\/blog\/cordoba\/die-einsiedelei-las-ermitas\/#primaryimage","url":"https:\/\/i0.wp.com\/www.andalusien-urlaub.eu\/blog\/wp-content\/uploads\/2014\/07\/ermitas.jpg?fit=390%2C261&ssl=1","contentUrl":"https:\/\/i0.wp.com\/www.andalusien-urlaub.eu\/blog\/wp-content\/uploads\/2014\/07\/ermitas.jpg?fit=390%2C261&ssl=1","width":390,"height":261,"caption":"ermitas"},{"@type":"BreadcrumbList","@id":"https:\/\/www.andalusien-urlaub.eu\/blog\/cordoba\/die-einsiedelei-las-ermitas\/#breadcrumb","itemListElement":[{"@type":"ListItem","position":1,"name":"Home","item":"https:\/\/www.andalusien-urlaub.eu\/blog\/homepage\/"},{"@type":"ListItem","position":2,"name":"C\u00f3rdoba","item":"https:\/\/www.andalusien-urlaub.eu\/blog\/category\/cordoba\/"},{"@type":"ListItem","position":3,"name":"Las Ermitas &#8211; Die Einsiedelei von C\u00f3rdoba"}]},{"@type":"WebSite","@id":"https:\/\/www.andalusien-urlaub.eu\/blog\/#website","url":"https:\/\/www.andalusien-urlaub.eu\/blog\/","name":"Andalusien entdecken","description":"Auf Entdeckungsreise in Andalusien","publisher":{"@id":"https:\/\/www.andalusien-urlaub.eu\/blog\/#organization"},"potentialAction":[{"@type":"SearchAction","target":{"@type":"EntryPoint","urlTemplate":"https:\/\/www.andalusien-urlaub.eu\/blog\/?s={search_term_string}"},"query-input":{"@type":"PropertyValueSpecification","valueRequired":true,"valueName":"search_term_string"}}],"inLanguage":"de"},{"@type":"Organization","@id":"https:\/\/www.andalusien-urlaub.eu\/blog\/#organization","name":"Andalusien entdecken","url":"https:\/\/www.andalusien-urlaub.eu\/blog\/","logo":{"@type":"ImageObject","inLanguage":"de","@id":"https:\/\/www.andalusien-urlaub.eu\/blog\/#\/schema\/logo\/image\/","url":"https:\/\/i2.wp.com\/www.andalusien-urlaub.eu\/blog\/wp-content\/uploads\/Logo_Final_PNG_kl.png?fit=300%2C127&ssl=1","contentUrl":"https:\/\/i2.wp.com\/www.andalusien-urlaub.eu\/blog\/wp-content\/uploads\/Logo_Final_PNG_kl.png?fit=300%2C127&ssl=1","width":300,"height":127,"caption":"Andalusien entdecken"},"image":{"@id":"https:\/\/www.andalusien-urlaub.eu\/blog\/#\/schema\/logo\/image\/"},"sameAs":["https:\/\/www.facebook.com\/abnachandalusien","https:\/\/x.com\/granadareisen"]},{"@type":"Person","@id":"https:\/\/www.andalusien-urlaub.eu\/blog\/#\/schema\/person\/264dc6c6323db2bd8f7206efd54d6b00","name":"J\u00fcrgen","image":{"@type":"ImageObject","inLanguage":"de","@id":"https:\/\/www.andalusien-urlaub.eu\/blog\/#\/schema\/person\/image\/","url":"https:\/\/secure.gravatar.com\/avatar\/4d994b0f3a6eb417aae9a837d0e606617f5fd7ba92f306bb2028b6b5fb9d3d07?s=96&r=g","contentUrl":"https:\/\/secure.gravatar.com\/avatar\/4d994b0f3a6eb417aae9a837d0e606617f5fd7ba92f306bb2028b6b5fb9d3d07?s=96&r=g","caption":"J\u00fcrgen"},"description":"Auf Entdeckungsreise in Andalusien - am liebsten mit meiner Kamera draussen in der Natur. Als Tour Guide organisiere ich private Ausfl\u00fcge, Wanderungen und Fotoexkurs\u00edonen in vielen Regionen Andalusiens.","sameAs":["https:\/\/juergenheitmann.com","https:\/\/www.facebook.com\/abnachandalusien\/"],"url":"https:\/\/www.andalusien-urlaub.eu\/blog\/author\/jamal\/"}]}},"jetpack_featured_media_url":"https:\/\/i0.wp.com\/www.andalusien-urlaub.eu\/blog\/wp-content\/uploads\/2014\/07\/ermitas.jpg?fit=390%2C261&ssl=1","jetpack_shortlink":"https:\/\/wp.me\/p4SCDV-8R","jetpack_sharing_enabled":true,"_links":{"self":[{"href":"https:\/\/www.andalusien-urlaub.eu\/blog\/wp-json\/wp\/v2\/posts\/549","targetHints":{"allow":["GET"]}}],"collection":[{"href":"https:\/\/www.andalusien-urlaub.eu\/blog\/wp-json\/wp\/v2\/posts"}],"about":[{"href":"https:\/\/www.andalusien-urlaub.eu\/blog\/wp-json\/wp\/v2\/types\/post"}],"author":[{"embeddable":true,"href":"https:\/\/www.andalusien-urlaub.eu\/blog\/wp-json\/wp\/v2\/users\/1"}],"replies":[{"embeddable":true,"href":"https:\/\/www.andalusien-urlaub.eu\/blog\/wp-json\/wp\/v2\/comments?post=549"}],"version-history":[{"count":0,"href":"https:\/\/www.andalusien-urlaub.eu\/blog\/wp-json\/wp\/v2\/posts\/549\/revisions"}],"wp:featuredmedia":[{"embeddable":true,"href":"https:\/\/www.andalusien-urlaub.eu\/blog\/wp-json\/wp\/v2\/media\/975"}],"wp:attachment":[{"href":"https:\/\/www.andalusien-urlaub.eu\/blog\/wp-json\/wp\/v2\/media?parent=549"}],"wp:term":[{"taxonomy":"category","embeddable":true,"href":"https:\/\/www.andalusien-urlaub.eu\/blog\/wp-json\/wp\/v2\/categories?post=549"},{"taxonomy":"post_tag","embeddable":true,"href":"https:\/\/www.andalusien-urlaub.eu\/blog\/wp-json\/wp\/v2\/tags?post=549"}],"curies":[{"name":"wp","href":"https:\/\/api.w.org\/{rel}","templated":true}]}}