{"id":822,"date":"2013-09-08T19:57:28","date_gmt":"2013-09-08T17:57:28","guid":{"rendered":"https:\/\/www.andalusien-urlaub.eu\/blog\/?p=822"},"modified":"2022-12-29T16:21:34","modified_gmt":"2022-12-29T15:21:34","slug":"die-markthalle-von-malaga","status":"publish","type":"post","link":"https:\/\/www.andalusien-urlaub.eu\/blog\/malaga-3\/malaga-stadt\/die-markthalle-von-malaga\/","title":{"rendered":"Die Markthalle von M\u00e1laga"},"content":{"rendered":"\n<h2 class=\"wp-block-heading\">Andalusische M\u00e4rkte<\/h2>\n\n\n\n<figure class=\"wp-block-image alignleft\"><a href=\"https:\/\/i0.wp.com\/www.andalusien-urlaub.eu\/blog\/wp-content\/uploads\/2013\/09\/DSCN2924.jpg?ssl=1\"><img data-recalc-dims=\"1\" loading=\"lazy\" decoding=\"async\" width=\"224\" height=\"300\" data-attachment-id=\"829\" data-permalink=\"https:\/\/www.andalusien-urlaub.eu\/blog\/malaga-3\/malaga-stadt\/die-markthalle-von-malaga\/attachment\/dscn2924\/\" data-orig-file=\"https:\/\/i0.wp.com\/www.andalusien-urlaub.eu\/blog\/wp-content\/uploads\/2013\/09\/DSCN2924.jpg?fit=800%2C1067&amp;ssl=1\" data-orig-size=\"800,1067\" data-comments-opened=\"0\" data-image-meta=\"{&quot;aperture&quot;:&quot;4.4&quot;,&quot;credit&quot;:&quot;&quot;,&quot;camera&quot;:&quot;COOLPIX P500&quot;,&quot;caption&quot;:&quot;&quot;,&quot;created_timestamp&quot;:&quot;1377953178&quot;,&quot;copyright&quot;:&quot;&quot;,&quot;focal_length&quot;:&quot;9.4&quot;,&quot;iso&quot;:&quot;160&quot;,&quot;shutter_speed&quot;:&quot;0.0015625&quot;,&quot;title&quot;:&quot;&quot;}\" data-image-title=\"Mercado de Atarazanas\" data-image-description=\"\" data-image-caption=\"&lt;p&gt;Mercado de Atarazanas&lt;\/p&gt;\n\" data-medium-file=\"https:\/\/i0.wp.com\/www.andalusien-urlaub.eu\/blog\/wp-content\/uploads\/2013\/09\/DSCN2924.jpg?fit=224%2C300&amp;ssl=1\" data-large-file=\"https:\/\/i0.wp.com\/www.andalusien-urlaub.eu\/blog\/wp-content\/uploads\/2013\/09\/DSCN2924.jpg?fit=374%2C499&amp;ssl=1\" src=\"https:\/\/i0.wp.com\/www.andalusien-urlaub.eu\/blog\/wp-content\/uploads\/2013\/09\/DSCN2924.jpg?resize=224%2C300&#038;ssl=1\" alt=\"Mercado de Atarazanas\" class=\"wp-image-829\" srcset=\"https:\/\/i0.wp.com\/www.andalusien-urlaub.eu\/blog\/wp-content\/uploads\/2013\/09\/DSCN2924.jpg?resize=224%2C300&amp;ssl=1 224w, https:\/\/i0.wp.com\/www.andalusien-urlaub.eu\/blog\/wp-content\/uploads\/2013\/09\/DSCN2924.jpg?resize=374%2C499&amp;ssl=1 374w, https:\/\/i0.wp.com\/www.andalusien-urlaub.eu\/blog\/wp-content\/uploads\/2013\/09\/DSCN2924.jpg?w=800&amp;ssl=1 800w\" sizes=\"auto, (max-width: 224px) 100vw, 224px\" \/><\/a><figcaption>Mercado de Atarazanas<\/figcaption><\/figure>\n\n\n\n<p>Andalusien-Reisende sollten mindestens einmal eine Markthalle besucht haben. Gerade die in den gro\u00dfen St\u00e4dten sind interessant. Hier findet man frisches Obst und Gem\u00fcse, fangfrischen Fisch, Fleisch und Wurstwaren, Gew\u00fcrze und Kr\u00e4uter, &#8230; einfach alles, was so auf einem Markt feilgeboten wird. Zudem gibt es immer mehr Essensst\u00e4nde, an denen einheimische Spezialit\u00e4ten ganz frisch und zu moderaten Preisen angeboten werden.<\/p>\n\n\n\n<h2 class=\"wp-block-heading\">Zentralmarkt M\u00e1laga Atarazanas<\/h2>\n\n\n\n<p>Ich habe k\u00fcrzlich den Markt in M\u00e1laga besucht. Solch ein Besuch ist ein Erlebnis f\u00fcr alle Sinne: Die Augen werden verzaubert von der farbenfrohen Vielfalt an Obst und Gem\u00fcse, der Geruchssinn wird umschmeichelt von Gew\u00fcrzen aus aller Herren L\u00e4nder und bei den Fischst\u00e4nden h\u00f6re ich belustigt den Fischh\u00e4ndlern zu, mit welchen Spr\u00fcchen sie lautstark die Kundschaft davon abhalten, beim Nachbarstand einzukaufen. Jeder hat den besten und frischsten Fisch. Gefeilscht wir hier \u00fcbrigens nicht. Die Waren haben alle feste Preise und sind meist auch angeschrieben.<\/p>\n\n\n\n<figure class=\"wp-block-image aligncenter\"><img data-recalc-dims=\"1\" loading=\"lazy\" decoding=\"async\" width=\"499\" height=\"374\" data-attachment-id=\"833\" data-permalink=\"https:\/\/www.andalusien-urlaub.eu\/blog\/malaga-3\/malaga-stadt\/die-markthalle-von-malaga\/attachment\/mercado5\/\" data-orig-file=\"https:\/\/i0.wp.com\/www.andalusien-urlaub.eu\/blog\/wp-content\/uploads\/2013\/09\/mercado5.jpg?fit=500%2C375&amp;ssl=1\" data-orig-size=\"500,375\" data-comments-opened=\"0\" data-image-meta=\"{&quot;aperture&quot;:&quot;3.4&quot;,&quot;credit&quot;:&quot;&quot;,&quot;camera&quot;:&quot;COOLPIX P500&quot;,&quot;caption&quot;:&quot;&quot;,&quot;created_timestamp&quot;:&quot;1377951802&quot;,&quot;copyright&quot;:&quot;&quot;,&quot;focal_length&quot;:&quot;4&quot;,&quot;iso&quot;:&quot;160&quot;,&quot;shutter_speed&quot;:&quot;0.005&quot;,&quot;title&quot;:&quot;&quot;}\" data-image-title=\"Fischmarkt Malaga\" data-image-description=\"\" data-image-caption=\"\" data-medium-file=\"https:\/\/i0.wp.com\/www.andalusien-urlaub.eu\/blog\/wp-content\/uploads\/2013\/09\/mercado5.jpg?fit=300%2C225&amp;ssl=1\" data-large-file=\"https:\/\/i0.wp.com\/www.andalusien-urlaub.eu\/blog\/wp-content\/uploads\/2013\/09\/mercado5.jpg?fit=499%2C374&amp;ssl=1\" src=\"https:\/\/i0.wp.com\/www.andalusien-urlaub.eu\/blog\/wp-content\/uploads\/2013\/09\/mercado5.jpg?resize=499%2C374&#038;ssl=1\" alt=\"Markt Malaga\" class=\"wp-image-833\" srcset=\"https:\/\/i0.wp.com\/www.andalusien-urlaub.eu\/blog\/wp-content\/uploads\/2013\/09\/mercado5.jpg?resize=499%2C374&amp;ssl=1 499w, https:\/\/i0.wp.com\/www.andalusien-urlaub.eu\/blog\/wp-content\/uploads\/2013\/09\/mercado5.jpg?resize=300%2C225&amp;ssl=1 300w, https:\/\/i0.wp.com\/www.andalusien-urlaub.eu\/blog\/wp-content\/uploads\/2013\/09\/mercado5.jpg?w=500&amp;ssl=1 500w\" sizes=\"auto, (max-width: 499px) 100vw, 499px\" \/><\/figure>\n\n\n\n<p>Der Markt von M\u00e1laga ist in drei Bereiche eingeteilt: Auf der rechten Seite die Obst- und Gem\u00fcseh\u00e4ndler, in der Mitte die Fischst\u00e4nde und links die Fleisch- und Wurstverk\u00e4ufer. Im Gegensatz zu anderen Markthallen ist der Mercado Central de Atarazanas ein relativ neuer Markt und wurde erst ca. 1876-79 erbaut. Vorher waren an dieser Stelle unter anderem ein Milit\u00e4r-Krankenhaus und eine Kaserne.<\/p>\n\n\n\n<figure class=\"wp-block-image aligncenter\"><img data-recalc-dims=\"1\" loading=\"lazy\" decoding=\"async\" width=\"499\" height=\"374\" data-attachment-id=\"832\" data-permalink=\"https:\/\/www.andalusien-urlaub.eu\/blog\/malaga-3\/malaga-stadt\/die-markthalle-von-malaga\/attachment\/mercado4\/\" data-orig-file=\"https:\/\/i0.wp.com\/www.andalusien-urlaub.eu\/blog\/wp-content\/uploads\/2013\/09\/mercado4.jpg?fit=500%2C375&amp;ssl=1\" data-orig-size=\"500,375\" data-comments-opened=\"0\" data-image-meta=\"{&quot;aperture&quot;:&quot;3.4&quot;,&quot;credit&quot;:&quot;&quot;,&quot;camera&quot;:&quot;COOLPIX P500&quot;,&quot;caption&quot;:&quot;&quot;,&quot;created_timestamp&quot;:&quot;1377951842&quot;,&quot;copyright&quot;:&quot;&quot;,&quot;focal_length&quot;:&quot;4&quot;,&quot;iso&quot;:&quot;160&quot;,&quot;shutter_speed&quot;:&quot;0.016666666666667&quot;,&quot;title&quot;:&quot;&quot;}\" data-image-title=\"Malaga Markt\" data-image-description=\"\" data-image-caption=\"\" data-medium-file=\"https:\/\/i0.wp.com\/www.andalusien-urlaub.eu\/blog\/wp-content\/uploads\/2013\/09\/mercado4.jpg?fit=300%2C225&amp;ssl=1\" data-large-file=\"https:\/\/i0.wp.com\/www.andalusien-urlaub.eu\/blog\/wp-content\/uploads\/2013\/09\/mercado4.jpg?fit=499%2C374&amp;ssl=1\" src=\"https:\/\/i0.wp.com\/www.andalusien-urlaub.eu\/blog\/wp-content\/uploads\/2013\/09\/mercado4.jpg?resize=499%2C374&#038;ssl=1\" alt=\"Mercado Atarazanas Malaga\" class=\"wp-image-832\" srcset=\"https:\/\/i0.wp.com\/www.andalusien-urlaub.eu\/blog\/wp-content\/uploads\/2013\/09\/mercado4.jpg?resize=499%2C374&amp;ssl=1 499w, https:\/\/i0.wp.com\/www.andalusien-urlaub.eu\/blog\/wp-content\/uploads\/2013\/09\/mercado4.jpg?resize=300%2C225&amp;ssl=1 300w, https:\/\/i0.wp.com\/www.andalusien-urlaub.eu\/blog\/wp-content\/uploads\/2013\/09\/mercado4.jpg?w=500&amp;ssl=1 500w\" sizes=\"auto, (max-width: 499px) 100vw, 499px\" \/><\/figure>\n\n\n\n<p>Das Eingangstor aus Marmor war einmal eines der 5 Stadttore, die unter dem maurischen K\u00f6nig ABDERRAM\u00c1N lll ano XIII errichtet wurden. Durch das Tor gelangte man von einer Schiffswerft der Nasriden in die Stadt.<\/p>\n\n\n\n<figure class=\"wp-block-image aligncenter\"><img data-recalc-dims=\"1\" loading=\"lazy\" decoding=\"async\" width=\"499\" height=\"374\" data-attachment-id=\"834\" data-permalink=\"https:\/\/www.andalusien-urlaub.eu\/blog\/malaga-3\/malaga-stadt\/die-markthalle-von-malaga\/attachment\/mercado6\/\" data-orig-file=\"https:\/\/i0.wp.com\/www.andalusien-urlaub.eu\/blog\/wp-content\/uploads\/2013\/09\/mercado6.jpg?fit=500%2C375&amp;ssl=1\" data-orig-size=\"500,375\" data-comments-opened=\"0\" data-image-meta=\"{&quot;aperture&quot;:&quot;3.4&quot;,&quot;credit&quot;:&quot;&quot;,&quot;camera&quot;:&quot;COOLPIX P500&quot;,&quot;caption&quot;:&quot;&quot;,&quot;created_timestamp&quot;:&quot;1377951429&quot;,&quot;copyright&quot;:&quot;&quot;,&quot;focal_length&quot;:&quot;4&quot;,&quot;iso&quot;:&quot;400&quot;,&quot;shutter_speed&quot;:&quot;0.033333333333333&quot;,&quot;title&quot;:&quot;&quot;}\" data-image-title=\"Olivenh\u00e4ndler Markt Malaga\" data-image-description=\"\" data-image-caption=\"\" data-medium-file=\"https:\/\/i0.wp.com\/www.andalusien-urlaub.eu\/blog\/wp-content\/uploads\/2013\/09\/mercado6.jpg?fit=300%2C225&amp;ssl=1\" data-large-file=\"https:\/\/i0.wp.com\/www.andalusien-urlaub.eu\/blog\/wp-content\/uploads\/2013\/09\/mercado6.jpg?fit=499%2C374&amp;ssl=1\" src=\"https:\/\/i0.wp.com\/www.andalusien-urlaub.eu\/blog\/wp-content\/uploads\/2013\/09\/mercado6.jpg?resize=499%2C374&#038;ssl=1\" alt=\"Mercado de Malaga\" class=\"wp-image-834\" srcset=\"https:\/\/i0.wp.com\/www.andalusien-urlaub.eu\/blog\/wp-content\/uploads\/2013\/09\/mercado6.jpg?resize=499%2C374&amp;ssl=1 499w, https:\/\/i0.wp.com\/www.andalusien-urlaub.eu\/blog\/wp-content\/uploads\/2013\/09\/mercado6.jpg?resize=300%2C225&amp;ssl=1 300w, https:\/\/i0.wp.com\/www.andalusien-urlaub.eu\/blog\/wp-content\/uploads\/2013\/09\/mercado6.jpg?w=500&amp;ssl=1 500w\" sizes=\"auto, (max-width: 499px) 100vw, 499px\" \/><\/figure>\n\n\n\n<p>Die beeindruckende Glasfront auf der hinteren Seite des Marktes kommt aus der Werkstatt der Br\u00fcder Atienza und stammt aus dem Jahr 1973.<\/p>\n\n\n\n<h2 class=\"wp-block-heading\">Cafe-Bar Mercado Atarazanas<\/h2>\n\n\n\n<figure class=\"wp-block-image aligncenter\"><img data-recalc-dims=\"1\" loading=\"lazy\" decoding=\"async\" width=\"499\" height=\"165\" data-attachment-id=\"2059\" data-permalink=\"https:\/\/www.andalusien-urlaub.eu\/blog\/malaga-3\/malaga-stadt\/die-markthalle-von-malaga\/attachment\/cafe-aratzana\/\" data-orig-file=\"https:\/\/i0.wp.com\/www.andalusien-urlaub.eu\/blog\/wp-content\/uploads\/cafe-aratzana.jpg?fit=500%2C166&amp;ssl=1\" data-orig-size=\"500,166\" data-comments-opened=\"1\" data-image-meta=\"{&quot;aperture&quot;:&quot;0&quot;,&quot;credit&quot;:&quot;&quot;,&quot;camera&quot;:&quot;&quot;,&quot;caption&quot;:&quot;&quot;,&quot;created_timestamp&quot;:&quot;0&quot;,&quot;copyright&quot;:&quot;&quot;,&quot;focal_length&quot;:&quot;0&quot;,&quot;iso&quot;:&quot;0&quot;,&quot;shutter_speed&quot;:&quot;0&quot;,&quot;title&quot;:&quot;&quot;,&quot;orientation&quot;:&quot;0&quot;}\" data-image-title=\"Cafe Bar Atarazanas\" data-image-description=\"\" data-image-caption=\"\" data-medium-file=\"https:\/\/i0.wp.com\/www.andalusien-urlaub.eu\/blog\/wp-content\/uploads\/cafe-aratzana.jpg?fit=300%2C99&amp;ssl=1\" data-large-file=\"https:\/\/i0.wp.com\/www.andalusien-urlaub.eu\/blog\/wp-content\/uploads\/cafe-aratzana.jpg?fit=499%2C165&amp;ssl=1\" src=\"https:\/\/i0.wp.com\/www.andalusien-urlaub.eu\/blog\/wp-content\/uploads\/cafe-aratzana.jpg?resize=499%2C165&#038;ssl=1\" alt=\"Cafe Bar Atarazanas\" class=\"wp-image-2059\" srcset=\"https:\/\/i0.wp.com\/www.andalusien-urlaub.eu\/blog\/wp-content\/uploads\/cafe-aratzana.jpg?resize=499%2C165&amp;ssl=1 499w, https:\/\/i0.wp.com\/www.andalusien-urlaub.eu\/blog\/wp-content\/uploads\/cafe-aratzana.jpg?resize=100%2C33&amp;ssl=1 100w, https:\/\/i0.wp.com\/www.andalusien-urlaub.eu\/blog\/wp-content\/uploads\/cafe-aratzana.jpg?resize=300%2C99&amp;ssl=1 300w, https:\/\/i0.wp.com\/www.andalusien-urlaub.eu\/blog\/wp-content\/uploads\/cafe-aratzana.jpg?resize=90%2C29&amp;ssl=1 90w, https:\/\/i0.wp.com\/www.andalusien-urlaub.eu\/blog\/wp-content\/uploads\/cafe-aratzana.jpg?w=500&amp;ssl=1 500w\" sizes=\"auto, (max-width: 499px) 100vw, 499px\" \/><\/figure>\n\n\n\n<p>In den Markt geht man \u00fcbrigens nicht nur zum Einkaufen, man kann hier auch sehr gut essen. Es gibt mittlerweile mehrere St\u00e4nde, die Restaurants beherbergen. Da sie direkt an der &#8222;Quelle&#8220; sitzen, werden hier nur frische Zutaten verarbeitet. Z.B. die <strong>Cafe-Bar Mercado Atarazanas&nbsp;<\/strong>(siehe auch <a title=\"Meine Lieblings \u2013 Tapas Bars in Malaga\" href=\"https:\/\/www.andalusien-urlaub.eu\/blog\/restaurant-tipps\/restaurants-in-malaga\/tapas-bars-malaga\/\">Tapas Bars Malaga<\/a>). Hier bekommt man die unterschiedlichsten Tapas mit fangfrischen Fisch, frittiert oder gebraten. Die Bar ist sehr beliebt, weswegen zu den Sto\u00dfzeiten immer ordentlich Betrieb herrscht und man sich beim Kellner mit Nachdruck bemerkbar machen muss. Gegessen wird im Stehen, denn die wenigen Barhocker sind meistens besetzt.<\/p>\n\n\n\n<p>Der Markt befindet sich in der Calle Atarazanas, einer Parallelstra\u00dfe der Alameda Principal.<\/p>\n\n\n\n<p>Wart Ihr schon mal auf solch einem Markt?&nbsp;Ich freue mich \u00fcber Eure Kommentare, Fragen, Tipps und Anregungen!<\/p>\n\n\n<p><iframe loading=\"lazy\" style=\"border: 0;\" tabindex=\"0\" src=\"https:\/\/www.google.com\/maps\/embed?pb=!1m18!1m12!1m3!1d3198.1711049683972!2d-4.426282848549191!3d36.71845167986719!2m3!1f0!2f0!3f0!3m2!1i1024!2i768!4f13.1!3m3!1m2!1s0xd72f7968ff0b787%3A0x7d04360c50b946be!2sMercado%20Central%20de%20Atarazanas!5e0!3m2!1sde!2ses!4v1587898688769!5m2!1sde!2ses\" width=\"800\" height=\"600\" frameborder=\"0\" allowfullscreen=\"allowfullscreen\" aria-hidden=\"false\"><\/iframe><\/p>\n","protected":false},"excerpt":{"rendered":"<p>Andalusische M\u00e4rkte Andalusien-Reisende sollten mindestens einmal eine Markthalle besucht haben. Gerade die in den gro\u00dfen St\u00e4dten sind interessant. Hier findet man frisches Obst und Gem\u00fcse, fangfrischen Fisch, Fleisch und Wurstwaren, Gew\u00fcrze und Kr\u00e4uter, &#8230; einfach alles, was so auf einem Markt feilgeboten wird. Zudem gibt es immer mehr Essensst\u00e4nde, an denen einheimische Spezialit\u00e4ten ganz frisch [&hellip;]<\/p>\n","protected":false},"author":1,"featured_media":5790,"comment_status":"open","ping_status":"closed","sticky":false,"template":"","format":"standard","meta":{"jetpack_post_was_ever_published":false,"_jetpack_newsletter_access":"","_jetpack_dont_email_post_to_subs":false,"_jetpack_newsletter_tier_id":0,"_jetpack_memberships_contains_paywalled_content":false,"_jetpack_memberships_contains_paid_content":false,"footnotes":""},"categories":[21],"tags":[3,75,72,73,74],"class_list":["post-822","post","type-post","status-publish","format-standard","has-post-thumbnail","hentry","category-malaga-stadt","tag-andalusien","tag-atarazanas","tag-malaga-2","tag-markt","tag-mercado"],"yoast_head":"<!-- This site is optimized with the Yoast SEO plugin v27.0 - https:\/\/yoast.com\/product\/yoast-seo-wordpress\/ -->\n<title>Die Markthalle von Malaga - Mercado Central de Atarazanas<\/title>\n<meta name=\"description\" content=\"Spaziergang durch die st\u00e4dtische Zentral-Markt von M\u00e1laga. Mercado Central de Atarazanas\" \/>\n<meta name=\"robots\" content=\"index, follow, max-snippet:-1, max-image-preview:large, max-video-preview:-1\" \/>\n<link rel=\"canonical\" href=\"https:\/\/www.andalusien-urlaub.eu\/blog\/malaga-3\/malaga-stadt\/die-markthalle-von-malaga\/\" \/>\n<meta property=\"og:locale\" content=\"de_DE\" \/>\n<meta property=\"og:type\" content=\"article\" \/>\n<meta property=\"og:title\" content=\"Die Markthalle von Malaga - Mercado Central de Atarazanas\" \/>\n<meta property=\"og:description\" content=\"Spaziergang durch die st\u00e4dtische Zentral-Markt von M\u00e1laga. Mercado Central de Atarazanas\" \/>\n<meta property=\"og:url\" content=\"https:\/\/www.andalusien-urlaub.eu\/blog\/malaga-3\/malaga-stadt\/die-markthalle-von-malaga\/\" \/>\n<meta property=\"og:site_name\" content=\"Andalusien entdecken\" \/>\n<meta property=\"article:publisher\" content=\"https:\/\/www.facebook.com\/abnachandalusien\" \/>\n<meta property=\"article:author\" content=\"https:\/\/www.facebook.com\/abnachandalusien\/\" \/>\n<meta property=\"article:published_time\" content=\"2013-09-08T17:57:28+00:00\" \/>\n<meta property=\"article:modified_time\" content=\"2022-12-29T15:21:34+00:00\" \/>\n<meta property=\"og:image\" content=\"https:\/\/www.andalusien-urlaub.eu\/blog\/wp-content\/uploads\/P4242786.jpg\" \/>\n\t<meta property=\"og:image:width\" content=\"1024\" \/>\n\t<meta property=\"og:image:height\" content=\"768\" \/>\n\t<meta property=\"og:image:type\" content=\"image\/jpeg\" \/>\n<meta name=\"author\" content=\"J\u00fcrgen\" \/>\n<meta name=\"twitter:card\" content=\"summary_large_image\" \/>\n<meta name=\"twitter:creator\" content=\"@granadareisen\" \/>\n<meta name=\"twitter:site\" content=\"@granadareisen\" \/>\n<meta name=\"twitter:label1\" content=\"Verfasst von\" \/>\n\t<meta name=\"twitter:data1\" content=\"J\u00fcrgen\" \/>\n\t<meta name=\"twitter:label2\" content=\"Gesch\u00e4tzte Lesezeit\" \/>\n\t<meta name=\"twitter:data2\" content=\"4\u00a0Minuten\" \/>\n<script type=\"application\/ld+json\" class=\"yoast-schema-graph\">{\"@context\":\"https:\/\/schema.org\",\"@graph\":[{\"@type\":\"Article\",\"@id\":\"https:\/\/www.andalusien-urlaub.eu\/blog\/malaga-3\/malaga-stadt\/die-markthalle-von-malaga\/#article\",\"isPartOf\":{\"@id\":\"https:\/\/www.andalusien-urlaub.eu\/blog\/malaga-3\/malaga-stadt\/die-markthalle-von-malaga\/\"},\"author\":{\"name\":\"J\u00fcrgen\",\"@id\":\"https:\/\/www.andalusien-urlaub.eu\/blog\/#\/schema\/person\/264dc6c6323db2bd8f7206efd54d6b00\"},\"headline\":\"Die Markthalle von M\u00e1laga\",\"datePublished\":\"2013-09-08T17:57:28+00:00\",\"dateModified\":\"2022-12-29T15:21:34+00:00\",\"mainEntityOfPage\":{\"@id\":\"https:\/\/www.andalusien-urlaub.eu\/blog\/malaga-3\/malaga-stadt\/die-markthalle-von-malaga\/\"},\"wordCount\":432,\"commentCount\":4,\"publisher\":{\"@id\":\"https:\/\/www.andalusien-urlaub.eu\/blog\/#organization\"},\"image\":{\"@id\":\"https:\/\/www.andalusien-urlaub.eu\/blog\/malaga-3\/malaga-stadt\/die-markthalle-von-malaga\/#primaryimage\"},\"thumbnailUrl\":\"https:\/\/i0.wp.com\/www.andalusien-urlaub.eu\/blog\/wp-content\/uploads\/P4242786.jpg?fit=1024%2C768&ssl=1\",\"keywords\":[\"Andalusien\",\"Atarazanas\",\"Malaga\",\"Markt\",\"Mercado\"],\"articleSection\":[\"M\u00e1laga Stadt\"],\"inLanguage\":\"de\",\"potentialAction\":[{\"@type\":\"CommentAction\",\"name\":\"Comment\",\"target\":[\"https:\/\/www.andalusien-urlaub.eu\/blog\/malaga-3\/malaga-stadt\/die-markthalle-von-malaga\/#respond\"]}]},{\"@type\":\"WebPage\",\"@id\":\"https:\/\/www.andalusien-urlaub.eu\/blog\/malaga-3\/malaga-stadt\/die-markthalle-von-malaga\/\",\"url\":\"https:\/\/www.andalusien-urlaub.eu\/blog\/malaga-3\/malaga-stadt\/die-markthalle-von-malaga\/\",\"name\":\"Die Markthalle von Malaga - Mercado Central de Atarazanas\",\"isPartOf\":{\"@id\":\"https:\/\/www.andalusien-urlaub.eu\/blog\/#website\"},\"primaryImageOfPage\":{\"@id\":\"https:\/\/www.andalusien-urlaub.eu\/blog\/malaga-3\/malaga-stadt\/die-markthalle-von-malaga\/#primaryimage\"},\"image\":{\"@id\":\"https:\/\/www.andalusien-urlaub.eu\/blog\/malaga-3\/malaga-stadt\/die-markthalle-von-malaga\/#primaryimage\"},\"thumbnailUrl\":\"https:\/\/i0.wp.com\/www.andalusien-urlaub.eu\/blog\/wp-content\/uploads\/P4242786.jpg?fit=1024%2C768&ssl=1\",\"datePublished\":\"2013-09-08T17:57:28+00:00\",\"dateModified\":\"2022-12-29T15:21:34+00:00\",\"description\":\"Spaziergang durch die st\u00e4dtische Zentral-Markt von M\u00e1laga. Mercado Central de Atarazanas\",\"breadcrumb\":{\"@id\":\"https:\/\/www.andalusien-urlaub.eu\/blog\/malaga-3\/malaga-stadt\/die-markthalle-von-malaga\/#breadcrumb\"},\"inLanguage\":\"de\",\"potentialAction\":[{\"@type\":\"ReadAction\",\"target\":[\"https:\/\/www.andalusien-urlaub.eu\/blog\/malaga-3\/malaga-stadt\/die-markthalle-von-malaga\/\"]}]},{\"@type\":\"ImageObject\",\"inLanguage\":\"de\",\"@id\":\"https:\/\/www.andalusien-urlaub.eu\/blog\/malaga-3\/malaga-stadt\/die-markthalle-von-malaga\/#primaryimage\",\"url\":\"https:\/\/i0.wp.com\/www.andalusien-urlaub.eu\/blog\/wp-content\/uploads\/P4242786.jpg?fit=1024%2C768&ssl=1\",\"contentUrl\":\"https:\/\/i0.wp.com\/www.andalusien-urlaub.eu\/blog\/wp-content\/uploads\/P4242786.jpg?fit=1024%2C768&ssl=1\",\"width\":1024,\"height\":768},{\"@type\":\"BreadcrumbList\",\"@id\":\"https:\/\/www.andalusien-urlaub.eu\/blog\/malaga-3\/malaga-stadt\/die-markthalle-von-malaga\/#breadcrumb\",\"itemListElement\":[{\"@type\":\"ListItem\",\"position\":1,\"name\":\"Home\",\"item\":\"https:\/\/www.andalusien-urlaub.eu\/blog\/homepage\/\"},{\"@type\":\"ListItem\",\"position\":2,\"name\":\"M\u00e1laga\",\"item\":\"https:\/\/www.andalusien-urlaub.eu\/blog\/category\/malaga-3\/\"},{\"@type\":\"ListItem\",\"position\":3,\"name\":\"M\u00e1laga Stadt\",\"item\":\"https:\/\/www.andalusien-urlaub.eu\/blog\/category\/malaga-3\/malaga-stadt\/\"},{\"@type\":\"ListItem\",\"position\":4,\"name\":\"Die Markthalle von M\u00e1laga\"}]},{\"@type\":\"WebSite\",\"@id\":\"https:\/\/www.andalusien-urlaub.eu\/blog\/#website\",\"url\":\"https:\/\/www.andalusien-urlaub.eu\/blog\/\",\"name\":\"Andalusien entdecken\",\"description\":\"Auf Entdeckungsreise in Andalusien\",\"publisher\":{\"@id\":\"https:\/\/www.andalusien-urlaub.eu\/blog\/#organization\"},\"potentialAction\":[{\"@type\":\"SearchAction\",\"target\":{\"@type\":\"EntryPoint\",\"urlTemplate\":\"https:\/\/www.andalusien-urlaub.eu\/blog\/?s={search_term_string}\"},\"query-input\":{\"@type\":\"PropertyValueSpecification\",\"valueRequired\":true,\"valueName\":\"search_term_string\"}}],\"inLanguage\":\"de\"},{\"@type\":\"Organization\",\"@id\":\"https:\/\/www.andalusien-urlaub.eu\/blog\/#organization\",\"name\":\"Andalusien entdecken\",\"url\":\"https:\/\/www.andalusien-urlaub.eu\/blog\/\",\"logo\":{\"@type\":\"ImageObject\",\"inLanguage\":\"de\",\"@id\":\"https:\/\/www.andalusien-urlaub.eu\/blog\/#\/schema\/logo\/image\/\",\"url\":\"https:\/\/i2.wp.com\/www.andalusien-urlaub.eu\/blog\/wp-content\/uploads\/Logo_Final_PNG_kl.png?fit=300%2C127&ssl=1\",\"contentUrl\":\"https:\/\/i2.wp.com\/www.andalusien-urlaub.eu\/blog\/wp-content\/uploads\/Logo_Final_PNG_kl.png?fit=300%2C127&ssl=1\",\"width\":300,\"height\":127,\"caption\":\"Andalusien entdecken\"},\"image\":{\"@id\":\"https:\/\/www.andalusien-urlaub.eu\/blog\/#\/schema\/logo\/image\/\"},\"sameAs\":[\"https:\/\/www.facebook.com\/abnachandalusien\",\"https:\/\/x.com\/granadareisen\"]},{\"@type\":\"Person\",\"@id\":\"https:\/\/www.andalusien-urlaub.eu\/blog\/#\/schema\/person\/264dc6c6323db2bd8f7206efd54d6b00\",\"name\":\"J\u00fcrgen\",\"image\":{\"@type\":\"ImageObject\",\"inLanguage\":\"de\",\"@id\":\"https:\/\/www.andalusien-urlaub.eu\/blog\/#\/schema\/person\/image\/\",\"url\":\"https:\/\/secure.gravatar.com\/avatar\/4d994b0f3a6eb417aae9a837d0e606617f5fd7ba92f306bb2028b6b5fb9d3d07?s=96&r=g\",\"contentUrl\":\"https:\/\/secure.gravatar.com\/avatar\/4d994b0f3a6eb417aae9a837d0e606617f5fd7ba92f306bb2028b6b5fb9d3d07?s=96&r=g\",\"caption\":\"J\u00fcrgen\"},\"description\":\"Auf Entdeckungsreise in Andalusien - am liebsten mit meiner Kamera draussen in der Natur. Als Tour Guide organisiere ich private Ausfl\u00fcge, Wanderungen und Fotoexkurs\u00edonen in vielen Regionen Andalusiens.\",\"sameAs\":[\"https:\/\/juergenheitmann.com\",\"https:\/\/www.facebook.com\/abnachandalusien\/\"],\"url\":\"https:\/\/www.andalusien-urlaub.eu\/blog\/author\/jamal\/\"}]}<\/script>\n<!-- \/ Yoast SEO plugin. -->","yoast_head_json":{"title":"Die Markthalle von Malaga - Mercado Central de Atarazanas","description":"Spaziergang durch die st\u00e4dtische Zentral-Markt von M\u00e1laga. Mercado Central de Atarazanas","robots":{"index":"index","follow":"follow","max-snippet":"max-snippet:-1","max-image-preview":"max-image-preview:large","max-video-preview":"max-video-preview:-1"},"canonical":"https:\/\/www.andalusien-urlaub.eu\/blog\/malaga-3\/malaga-stadt\/die-markthalle-von-malaga\/","og_locale":"de_DE","og_type":"article","og_title":"Die Markthalle von Malaga - Mercado Central de Atarazanas","og_description":"Spaziergang durch die st\u00e4dtische Zentral-Markt von M\u00e1laga. Mercado Central de Atarazanas","og_url":"https:\/\/www.andalusien-urlaub.eu\/blog\/malaga-3\/malaga-stadt\/die-markthalle-von-malaga\/","og_site_name":"Andalusien entdecken","article_publisher":"https:\/\/www.facebook.com\/abnachandalusien","article_author":"https:\/\/www.facebook.com\/abnachandalusien\/","article_published_time":"2013-09-08T17:57:28+00:00","article_modified_time":"2022-12-29T15:21:34+00:00","og_image":[{"width":1024,"height":768,"url":"https:\/\/www.andalusien-urlaub.eu\/blog\/wp-content\/uploads\/P4242786.jpg","type":"image\/jpeg"}],"author":"J\u00fcrgen","twitter_card":"summary_large_image","twitter_creator":"@granadareisen","twitter_site":"@granadareisen","twitter_misc":{"Verfasst von":"J\u00fcrgen","Gesch\u00e4tzte Lesezeit":"4\u00a0Minuten"},"schema":{"@context":"https:\/\/schema.org","@graph":[{"@type":"Article","@id":"https:\/\/www.andalusien-urlaub.eu\/blog\/malaga-3\/malaga-stadt\/die-markthalle-von-malaga\/#article","isPartOf":{"@id":"https:\/\/www.andalusien-urlaub.eu\/blog\/malaga-3\/malaga-stadt\/die-markthalle-von-malaga\/"},"author":{"name":"J\u00fcrgen","@id":"https:\/\/www.andalusien-urlaub.eu\/blog\/#\/schema\/person\/264dc6c6323db2bd8f7206efd54d6b00"},"headline":"Die Markthalle von M\u00e1laga","datePublished":"2013-09-08T17:57:28+00:00","dateModified":"2022-12-29T15:21:34+00:00","mainEntityOfPage":{"@id":"https:\/\/www.andalusien-urlaub.eu\/blog\/malaga-3\/malaga-stadt\/die-markthalle-von-malaga\/"},"wordCount":432,"commentCount":4,"publisher":{"@id":"https:\/\/www.andalusien-urlaub.eu\/blog\/#organization"},"image":{"@id":"https:\/\/www.andalusien-urlaub.eu\/blog\/malaga-3\/malaga-stadt\/die-markthalle-von-malaga\/#primaryimage"},"thumbnailUrl":"https:\/\/i0.wp.com\/www.andalusien-urlaub.eu\/blog\/wp-content\/uploads\/P4242786.jpg?fit=1024%2C768&ssl=1","keywords":["Andalusien","Atarazanas","Malaga","Markt","Mercado"],"articleSection":["M\u00e1laga Stadt"],"inLanguage":"de","potentialAction":[{"@type":"CommentAction","name":"Comment","target":["https:\/\/www.andalusien-urlaub.eu\/blog\/malaga-3\/malaga-stadt\/die-markthalle-von-malaga\/#respond"]}]},{"@type":"WebPage","@id":"https:\/\/www.andalusien-urlaub.eu\/blog\/malaga-3\/malaga-stadt\/die-markthalle-von-malaga\/","url":"https:\/\/www.andalusien-urlaub.eu\/blog\/malaga-3\/malaga-stadt\/die-markthalle-von-malaga\/","name":"Die Markthalle von Malaga - Mercado Central de Atarazanas","isPartOf":{"@id":"https:\/\/www.andalusien-urlaub.eu\/blog\/#website"},"primaryImageOfPage":{"@id":"https:\/\/www.andalusien-urlaub.eu\/blog\/malaga-3\/malaga-stadt\/die-markthalle-von-malaga\/#primaryimage"},"image":{"@id":"https:\/\/www.andalusien-urlaub.eu\/blog\/malaga-3\/malaga-stadt\/die-markthalle-von-malaga\/#primaryimage"},"thumbnailUrl":"https:\/\/i0.wp.com\/www.andalusien-urlaub.eu\/blog\/wp-content\/uploads\/P4242786.jpg?fit=1024%2C768&ssl=1","datePublished":"2013-09-08T17:57:28+00:00","dateModified":"2022-12-29T15:21:34+00:00","description":"Spaziergang durch die st\u00e4dtische Zentral-Markt von M\u00e1laga. Mercado Central de Atarazanas","breadcrumb":{"@id":"https:\/\/www.andalusien-urlaub.eu\/blog\/malaga-3\/malaga-stadt\/die-markthalle-von-malaga\/#breadcrumb"},"inLanguage":"de","potentialAction":[{"@type":"ReadAction","target":["https:\/\/www.andalusien-urlaub.eu\/blog\/malaga-3\/malaga-stadt\/die-markthalle-von-malaga\/"]}]},{"@type":"ImageObject","inLanguage":"de","@id":"https:\/\/www.andalusien-urlaub.eu\/blog\/malaga-3\/malaga-stadt\/die-markthalle-von-malaga\/#primaryimage","url":"https:\/\/i0.wp.com\/www.andalusien-urlaub.eu\/blog\/wp-content\/uploads\/P4242786.jpg?fit=1024%2C768&ssl=1","contentUrl":"https:\/\/i0.wp.com\/www.andalusien-urlaub.eu\/blog\/wp-content\/uploads\/P4242786.jpg?fit=1024%2C768&ssl=1","width":1024,"height":768},{"@type":"BreadcrumbList","@id":"https:\/\/www.andalusien-urlaub.eu\/blog\/malaga-3\/malaga-stadt\/die-markthalle-von-malaga\/#breadcrumb","itemListElement":[{"@type":"ListItem","position":1,"name":"Home","item":"https:\/\/www.andalusien-urlaub.eu\/blog\/homepage\/"},{"@type":"ListItem","position":2,"name":"M\u00e1laga","item":"https:\/\/www.andalusien-urlaub.eu\/blog\/category\/malaga-3\/"},{"@type":"ListItem","position":3,"name":"M\u00e1laga Stadt","item":"https:\/\/www.andalusien-urlaub.eu\/blog\/category\/malaga-3\/malaga-stadt\/"},{"@type":"ListItem","position":4,"name":"Die Markthalle von M\u00e1laga"}]},{"@type":"WebSite","@id":"https:\/\/www.andalusien-urlaub.eu\/blog\/#website","url":"https:\/\/www.andalusien-urlaub.eu\/blog\/","name":"Andalusien entdecken","description":"Auf Entdeckungsreise in Andalusien","publisher":{"@id":"https:\/\/www.andalusien-urlaub.eu\/blog\/#organization"},"potentialAction":[{"@type":"SearchAction","target":{"@type":"EntryPoint","urlTemplate":"https:\/\/www.andalusien-urlaub.eu\/blog\/?s={search_term_string}"},"query-input":{"@type":"PropertyValueSpecification","valueRequired":true,"valueName":"search_term_string"}}],"inLanguage":"de"},{"@type":"Organization","@id":"https:\/\/www.andalusien-urlaub.eu\/blog\/#organization","name":"Andalusien entdecken","url":"https:\/\/www.andalusien-urlaub.eu\/blog\/","logo":{"@type":"ImageObject","inLanguage":"de","@id":"https:\/\/www.andalusien-urlaub.eu\/blog\/#\/schema\/logo\/image\/","url":"https:\/\/i2.wp.com\/www.andalusien-urlaub.eu\/blog\/wp-content\/uploads\/Logo_Final_PNG_kl.png?fit=300%2C127&ssl=1","contentUrl":"https:\/\/i2.wp.com\/www.andalusien-urlaub.eu\/blog\/wp-content\/uploads\/Logo_Final_PNG_kl.png?fit=300%2C127&ssl=1","width":300,"height":127,"caption":"Andalusien entdecken"},"image":{"@id":"https:\/\/www.andalusien-urlaub.eu\/blog\/#\/schema\/logo\/image\/"},"sameAs":["https:\/\/www.facebook.com\/abnachandalusien","https:\/\/x.com\/granadareisen"]},{"@type":"Person","@id":"https:\/\/www.andalusien-urlaub.eu\/blog\/#\/schema\/person\/264dc6c6323db2bd8f7206efd54d6b00","name":"J\u00fcrgen","image":{"@type":"ImageObject","inLanguage":"de","@id":"https:\/\/www.andalusien-urlaub.eu\/blog\/#\/schema\/person\/image\/","url":"https:\/\/secure.gravatar.com\/avatar\/4d994b0f3a6eb417aae9a837d0e606617f5fd7ba92f306bb2028b6b5fb9d3d07?s=96&r=g","contentUrl":"https:\/\/secure.gravatar.com\/avatar\/4d994b0f3a6eb417aae9a837d0e606617f5fd7ba92f306bb2028b6b5fb9d3d07?s=96&r=g","caption":"J\u00fcrgen"},"description":"Auf Entdeckungsreise in Andalusien - am liebsten mit meiner Kamera draussen in der Natur. Als Tour Guide organisiere ich private Ausfl\u00fcge, Wanderungen und Fotoexkurs\u00edonen in vielen Regionen Andalusiens.","sameAs":["https:\/\/juergenheitmann.com","https:\/\/www.facebook.com\/abnachandalusien\/"],"url":"https:\/\/www.andalusien-urlaub.eu\/blog\/author\/jamal\/"}]}},"jetpack_featured_media_url":"https:\/\/i0.wp.com\/www.andalusien-urlaub.eu\/blog\/wp-content\/uploads\/P4242786.jpg?fit=1024%2C768&ssl=1","jetpack_shortlink":"https:\/\/wp.me\/p4SCDV-dg","jetpack_sharing_enabled":true,"_links":{"self":[{"href":"https:\/\/www.andalusien-urlaub.eu\/blog\/wp-json\/wp\/v2\/posts\/822","targetHints":{"allow":["GET"]}}],"collection":[{"href":"https:\/\/www.andalusien-urlaub.eu\/blog\/wp-json\/wp\/v2\/posts"}],"about":[{"href":"https:\/\/www.andalusien-urlaub.eu\/blog\/wp-json\/wp\/v2\/types\/post"}],"author":[{"embeddable":true,"href":"https:\/\/www.andalusien-urlaub.eu\/blog\/wp-json\/wp\/v2\/users\/1"}],"replies":[{"embeddable":true,"href":"https:\/\/www.andalusien-urlaub.eu\/blog\/wp-json\/wp\/v2\/comments?post=822"}],"version-history":[{"count":3,"href":"https:\/\/www.andalusien-urlaub.eu\/blog\/wp-json\/wp\/v2\/posts\/822\/revisions"}],"predecessor-version":[{"id":5996,"href":"https:\/\/www.andalusien-urlaub.eu\/blog\/wp-json\/wp\/v2\/posts\/822\/revisions\/5996"}],"wp:featuredmedia":[{"embeddable":true,"href":"https:\/\/www.andalusien-urlaub.eu\/blog\/wp-json\/wp\/v2\/media\/5790"}],"wp:attachment":[{"href":"https:\/\/www.andalusien-urlaub.eu\/blog\/wp-json\/wp\/v2\/media?parent=822"}],"wp:term":[{"taxonomy":"category","embeddable":true,"href":"https:\/\/www.andalusien-urlaub.eu\/blog\/wp-json\/wp\/v2\/categories?post=822"},{"taxonomy":"post_tag","embeddable":true,"href":"https:\/\/www.andalusien-urlaub.eu\/blog\/wp-json\/wp\/v2\/tags?post=822"}],"curies":[{"name":"wp","href":"https:\/\/api.w.org\/{rel}","templated":true}]}}